{"id":182,"date":"2025-03-28T10:46:36","date_gmt":"2025-03-28T07:46:36","guid":{"rendered":"http:\/\/www.dasaudi.com\/?p=182"},"modified":"2025-03-28T11:05:10","modified_gmt":"2025-03-28T08:05:10","slug":"seslendirme-studyo-nasil-insaa-edilir","status":"publish","type":"post","link":"https:\/\/www.dasaudi.com\/?p=182","title":{"rendered":"Seslendirme St\u00fcdyo Nas\u0131l \u0130n\u015faa Edilir?"},"content":{"rendered":"\n<p>&#8220;Y\u00fcksek Kaliteli Kay\u0131t \u0130\u00e7in \u0130deal Oda Olu\u015fumu&#8221;<\/p>\n\n\n\n<figure class=\"wp-block-image size-full is-resized\"><img loading=\"lazy\" decoding=\"async\" width=\"800\" height=\"500\" src=\"http:\/\/www.dasaudi.com\/wp-content\/uploads\/2025\/03\/voice-Over-Actor-in-india.jpg\" alt=\"\" class=\"wp-image-121\" style=\"width:840px;height:auto\" srcset=\"https:\/\/www.dasaudi.com\/wp-content\/uploads\/2025\/03\/voice-Over-Actor-in-india.jpg 800w, https:\/\/www.dasaudi.com\/wp-content\/uploads\/2025\/03\/voice-Over-Actor-in-india-300x188.jpg 300w, https:\/\/www.dasaudi.com\/wp-content\/uploads\/2025\/03\/voice-Over-Actor-in-india-768x480.jpg 768w, https:\/\/www.dasaudi.com\/wp-content\/uploads\/2025\/03\/voice-Over-Actor-in-india-640x400.jpg 640w\" sizes=\"auto, (max-width: 800px) 100vw, 800px\" \/><\/figure>\n\n\n\n<p><strong>Seslendirme Yapmak \u0130\u00e7in Uygun Kay\u0131t Odas\u0131 Olu\u015fumu i\u00e7in Teknik Bilgiler ve Mimari Yakla\u015f\u0131mlar<\/strong> ile nas\u0131l uygun ortam\u0131 olu\u015fturabiliriz?<\/p>\n\n\n\n<p>Seslendirme st\u00fcdyosu, ses kayd\u0131 yap\u0131lan alanlar\u0131n en \u00f6nemli par\u00e7alar\u0131ndan biridir. Y\u00fcksek kaliteli sesler elde edebilmek i\u00e7in, sadece do\u011fru ekipman de\u011fil, ayn\u0131 zamanda sesin do\u011fru \u015fekilde y\u00f6nlendirilip d\u00fczenlenmesi i\u00e7in odan\u0131n mimarisi ve akusti\u011fi de kritik bir rol oynar. Bu makalede, seslendirme yapmak i\u00e7in uygun bir kay\u0131t odas\u0131 tasar\u0131m\u0131na dair teknik bilgiler ve mimari yakla\u015f\u0131mlar ele al\u0131nacakt\u0131r.<\/p>\n\n\n\n<h3 class=\"wp-block-heading\">1. <strong>Oda Konfig\u00fcrasyonu ve Boyutlar\u0131<\/strong><\/h3>\n\n\n\n<p>Seslendirme st\u00fcdyosu tasar\u0131m\u0131nda odan\u0131n boyutlar\u0131 olduk\u00e7a \u00f6nemlidir. Oda \u00e7ok k\u00fc\u00e7\u00fckse, sesin gereksiz \u015fekilde yans\u0131mas\u0131 ya da odan\u0131n s\u0131k\u0131\u015fm\u0131\u015f bir hissiyat vermesi s\u00f6z konusu olabilir. Aksi takdirde, \u00e7ok b\u00fcy\u00fck bir oda da sesin kaybolmas\u0131na veya gereksiz \u015fekilde da\u011f\u0131lmas\u0131na neden olabilir.<\/p>\n\n\n\n<ul class=\"wp-block-list\">\n<li><strong>\u0130deal Boyutlar:<\/strong> Ses kayd\u0131n\u0131n en verimli \u015fekilde al\u0131nabilmesi i\u00e7in, oda boyutlar\u0131n\u0131n belirli oranlarda olmas\u0131 gerekir. \u00d6rne\u011fin, 3 metreye 4 metre b\u00fcy\u00fckl\u00fc\u011f\u00fcnde bir oda, genellikle seslendirme kayd\u0131 i\u00e7in yeterlidir.<\/li>\n\n\n\n<li><strong>Tavan Y\u00fcksekli\u011fi:<\/strong> Odan\u0131n tavan y\u00fcksekli\u011fi de \u00f6nemli bir fakt\u00f6rd\u00fcr. Y\u00fcksek tavanlar, sesin daha iyi da\u011f\u0131lmas\u0131n\u0131 sa\u011flayabilir ancak \u00e7ok y\u00fcksek tavanlar sesin yans\u0131mas\u0131na yol a\u00e7abilir. 2.5 ile 3.5 metre aras\u0131 bir tavan y\u00fcksekli\u011fi idealdir.<\/li>\n<\/ul>\n\n\n\n<h3 class=\"wp-block-heading\">2. <strong>Akustik D\u00fczenleme<\/strong><\/h3>\n\n\n\n<p>Seslendirme odas\u0131 tasar\u0131m\u0131nda akustik d\u00fczenleme, sesin do\u011fru \u015fekilde kaydedilmesini sa\u011flamak i\u00e7in son derece \u00f6nemlidir. Akustik d\u00fczenleme, hem odada sesin d\u00fczg\u00fcn bir \u015fekilde da\u011f\u0131lmas\u0131n\u0131 sa\u011flar hem de d\u0131\u015f seslerin odaya girmesini engeller.<\/p>\n\n\n\n<figure class=\"wp-block-image size-full\"><img loading=\"lazy\" decoding=\"async\" width=\"1024\" height=\"1024\" src=\"http:\/\/www.dasaudi.com\/wp-content\/uploads\/2025\/03\/akustik-ses-yalitim-malzemeleri-ses-izolasyon-malzemeleri-1.jpg\" alt=\"\" class=\"wp-image-183\" srcset=\"https:\/\/www.dasaudi.com\/wp-content\/uploads\/2025\/03\/akustik-ses-yalitim-malzemeleri-ses-izolasyon-malzemeleri-1.jpg 1024w, https:\/\/www.dasaudi.com\/wp-content\/uploads\/2025\/03\/akustik-ses-yalitim-malzemeleri-ses-izolasyon-malzemeleri-1-300x300.jpg 300w, https:\/\/www.dasaudi.com\/wp-content\/uploads\/2025\/03\/akustik-ses-yalitim-malzemeleri-ses-izolasyon-malzemeleri-1-150x150.jpg 150w, https:\/\/www.dasaudi.com\/wp-content\/uploads\/2025\/03\/akustik-ses-yalitim-malzemeleri-ses-izolasyon-malzemeleri-1-768x768.jpg 768w, https:\/\/www.dasaudi.com\/wp-content\/uploads\/2025\/03\/akustik-ses-yalitim-malzemeleri-ses-izolasyon-malzemeleri-1-400x400.jpg 400w\" sizes=\"auto, (max-width: 1024px) 100vw, 1024px\" \/><\/figure>\n\n\n\n<ul class=\"wp-block-list\">\n<li><strong>Yal\u0131t\u0131m:<\/strong> Sesin d\u0131\u015far\u0131 \u00e7\u0131kmamas\u0131 ve d\u0131\u015far\u0131dan gelen seslerin engellenmesi i\u00e7in oda, ses yal\u0131t\u0131m malzemeleriyle donat\u0131lmal\u0131d\u0131r. Bu malzemeler, genellikle yo\u011funla\u015ft\u0131r\u0131lm\u0131\u015f akustik paneller, \u00e7ift katmanl\u0131 duvarlar ve \u00f6zel yal\u0131t\u0131m malzemelerinden olu\u015fur.<\/li>\n\n\n\n<li><strong>D\u00f6n\u00fc\u015f\u00fcm:<\/strong> Sesin odada d\u00fczg\u00fcn bir \u015fekilde da\u011f\u0131l\u0131m\u0131n\u0131 sa\u011flamak i\u00e7in odada akustik paneller ve dif\u00fcz\u00f6rler kullan\u0131l\u0131r. Sesin sabit bir seviyeye ula\u015fmas\u0131, odadaki ses yans\u0131mas\u0131n\u0131n minimuma indirilmesi i\u00e7in odan\u0131n farkl\u0131 alanlar\u0131na panel yerle\u015ftirilebilir.<\/li>\n\n\n\n<li><strong>Yans\u0131ma Kontrol\u00fc:<\/strong> \u00d6zellikle odan\u0131n k\u00f6\u015fe b\u00f6lgelerinde ses yans\u0131mas\u0131 ve ses kesilmeleri olabilece\u011finden, bu alanlara bas frekanslar\u0131 emen malzemeler yerle\u015ftirilmesi \u00f6nemlidir. Di\u011fer yandan, tavana da akustik paneller yerle\u015ftirilebilir.<\/li>\n<\/ul>\n\n\n\n<h3 class=\"wp-block-heading\">3. <strong>Ses Yal\u0131t\u0131m\u0131 ve D\u0131\u015f Ses Engelleme<\/strong><\/h3>\n\n\n\n<p>D\u0131\u015f seslerin kayda etkilememesi i\u00e7in, oda ses yal\u0131t\u0131m\u0131na dikkat edilmelidir. Bu, hem odan\u0131n d\u0131\u015far\u0131dan ses almas\u0131n\u0131 engeller hem de odadaki sesin d\u0131\u015far\u0131ya s\u0131zmas\u0131n\u0131 engeller.<\/p>\n\n\n\n<ul class=\"wp-block-list\">\n<li><strong>\u00c7ift Katmanl\u0131 Duvarlar:<\/strong> Ses yal\u0131t\u0131m\u0131 sa\u011flamak i\u00e7in duvarlarda \u00e7ift katman kullanmak yayg\u0131n bir tekniktir. Bu, sesin ge\u00e7i\u015fini azalt\u0131r.<\/li>\n\n\n\n<li><strong>Kap\u0131 ve Pencere Yal\u0131t\u0131m\u0131:<\/strong> Oda i\u00e7indeki sesin d\u0131\u015far\u0131ya s\u0131zmas\u0131n\u0131 engellemek i\u00e7in \u00f6zel ses ge\u00e7irmez kap\u0131lar ve pencereler tercih edilmelidir. Bu t\u00fcr kap\u0131lar genellikle yo\u011fun ve s\u0131zd\u0131rmazd\u0131r.<\/li>\n<\/ul>\n\n\n\n<figure class=\"wp-block-image size-large\"><img loading=\"lazy\" decoding=\"async\" width=\"1024\" height=\"1024\" src=\"http:\/\/www.dasaudi.com\/wp-content\/uploads\/2025\/03\/91Wg3WkvbSL-1024x1024.jpg\" alt=\"\" class=\"wp-image-184\" srcset=\"https:\/\/www.dasaudi.com\/wp-content\/uploads\/2025\/03\/91Wg3WkvbSL-1024x1024.jpg 1024w, https:\/\/www.dasaudi.com\/wp-content\/uploads\/2025\/03\/91Wg3WkvbSL-300x300.jpg 300w, https:\/\/www.dasaudi.com\/wp-content\/uploads\/2025\/03\/91Wg3WkvbSL-150x150.jpg 150w, https:\/\/www.dasaudi.com\/wp-content\/uploads\/2025\/03\/91Wg3WkvbSL-768x768.jpg 768w, https:\/\/www.dasaudi.com\/wp-content\/uploads\/2025\/03\/91Wg3WkvbSL-1536x1536.jpg 1536w, https:\/\/www.dasaudi.com\/wp-content\/uploads\/2025\/03\/91Wg3WkvbSL-400x400.jpg 400w, https:\/\/www.dasaudi.com\/wp-content\/uploads\/2025\/03\/91Wg3WkvbSL.jpg 1600w\" sizes=\"auto, (max-width: 1024px) 100vw, 1024px\" \/><\/figure>\n\n\n\n<h3 class=\"wp-block-heading\">4. <strong>Ekipman Yerle\u015fimi ve Mekanik D\u00fczenlemeler<\/strong><\/h3>\n\n\n\n<p>Seslendirme odas\u0131nda kullan\u0131lacak ekipmanlar, odan\u0131n fonksiyonel ve verimli bir \u015fekilde kullan\u0131labilmesi i\u00e7in do\u011fru bir \u015fekilde yerle\u015ftirilmelidir.<\/p>\n\n\n\n<ul class=\"wp-block-list\">\n<li><strong>Mikrofon ve Standlar:<\/strong> Mikrofon yerle\u015ftirilecek alan, ses kayd\u0131n\u0131n netli\u011fi i\u00e7in kritik bir fakt\u00f6rd\u00fcr. Mikrofonlar\u0131n etraf\u0131ndaki ses dalgalar\u0131n\u0131n da\u011f\u0131lmas\u0131na yard\u0131mc\u0131 olacak akustik s\u00fcngerler veya diff\u00fcz\u00f6rler yerle\u015ftirilebilir.<\/li>\n\n\n\n<li><strong>Kablolama:<\/strong> Kablolar\u0131n d\u00fczenli bir \u015fekilde yerle\u015ftirilmesi, kar\u0131\u015f\u0131kl\u0131\u011f\u0131 ve potansiyel ses kay\u0131plar\u0131n\u0131 engelleyecektir. Ayr\u0131ca, cihazlar aras\u0131ndaki elektriksel parazitleri engellemek i\u00e7in kablolar\u0131n yal\u0131t\u0131m\u0131 da g\u00f6z \u00f6n\u00fcnde bulundurulmal\u0131d\u0131r.<\/li>\n\n\n\n<li><strong>Klima ve Havaland\u0131rma:<\/strong> Ses kayd\u0131nda her t\u00fcrl\u00fc arka plan g\u00fcr\u00fclt\u00fcs\u00fcnden ka\u00e7\u0131n\u0131lmas\u0131 gerekir. O y\u00fczden ses izolasyonu yap\u0131lm\u0131\u015f klima ve havaland\u0131rma sistemleri tercih edilmelidir.<\/li>\n<\/ul>\n\n\n\n<figure class=\"wp-block-image size-large\"><img loading=\"lazy\" decoding=\"async\" width=\"1024\" height=\"768\" src=\"http:\/\/www.dasaudi.com\/wp-content\/uploads\/2025\/03\/bursa-akustik-studyo-ses-yalitimi-1024x768.jpg\" alt=\"\" class=\"wp-image-185\" srcset=\"https:\/\/www.dasaudi.com\/wp-content\/uploads\/2025\/03\/bursa-akustik-studyo-ses-yalitimi-1024x768.jpg 1024w, https:\/\/www.dasaudi.com\/wp-content\/uploads\/2025\/03\/bursa-akustik-studyo-ses-yalitimi-300x225.jpg 300w, https:\/\/www.dasaudi.com\/wp-content\/uploads\/2025\/03\/bursa-akustik-studyo-ses-yalitimi-768x576.jpg 768w, https:\/\/www.dasaudi.com\/wp-content\/uploads\/2025\/03\/bursa-akustik-studyo-ses-yalitimi-533x400.jpg 533w, https:\/\/www.dasaudi.com\/wp-content\/uploads\/2025\/03\/bursa-akustik-studyo-ses-yalitimi.jpg 1200w\" sizes=\"auto, (max-width: 1024px) 100vw, 1024px\" \/><\/figure>\n\n\n\n<h3 class=\"wp-block-heading\">5. <strong>G\u00f6rsel ve I\u015f\u0131kland\u0131rma Tasar\u0131m\u0131<\/strong><\/h3>\n\n\n\n<p>Ses kayd\u0131n\u0131n ruhunu yans\u0131tan bir ortamda \u00e7al\u0131\u015fmak, seslendirme sanat\u00e7\u0131s\u0131n\u0131n performans\u0131n\u0131 do\u011frudan etkileyebilir. O y\u00fczden, oda tasar\u0131m\u0131nda g\u00f6rsel estetik de \u00f6nemlidir.<\/p>\n\n\n\n<ul class=\"wp-block-list\">\n<li><strong>I\u015f\u0131kland\u0131rma:<\/strong> I\u015f\u0131klar\u0131n do\u011fru bir \u015fekilde yerle\u015ftirilmesi, odan\u0131n atmosferini belirler. \u00c7ok parlak \u0131\u015f\u0131klar, ses kayd\u0131n\u0131 zorla\u015ft\u0131rabilir. Yumu\u015fak, s\u0131cak tonlarda \u0131\u015f\u0131klar tercih edilmelidir.<\/li>\n\n\n\n<li><strong>Estetik Tasar\u0131m:<\/strong> Akustik panellerin, dif\u00fcz\u00f6rlerin ve di\u011fer elementlerin g\u00f6rsel olarak uyum i\u00e7inde olmas\u0131, \u00e7al\u0131\u015fanlar i\u00e7in rahat bir ortam sa\u011flar. Renklerin sakin ve profesyonel olmas\u0131 \u00f6nemlidir.<\/li>\n<\/ul>\n\n\n\n<figure class=\"wp-block-image size-large\"><img loading=\"lazy\" decoding=\"async\" width=\"1024\" height=\"640\" src=\"http:\/\/www.dasaudi.com\/wp-content\/uploads\/2025\/03\/akustik-tavan-panelleri-6-1024x640.jpg\" alt=\"\" class=\"wp-image-186\" srcset=\"https:\/\/www.dasaudi.com\/wp-content\/uploads\/2025\/03\/akustik-tavan-panelleri-6-1024x640.jpg 1024w, https:\/\/www.dasaudi.com\/wp-content\/uploads\/2025\/03\/akustik-tavan-panelleri-6-300x188.jpg 300w, https:\/\/www.dasaudi.com\/wp-content\/uploads\/2025\/03\/akustik-tavan-panelleri-6-768x480.jpg 768w, https:\/\/www.dasaudi.com\/wp-content\/uploads\/2025\/03\/akustik-tavan-panelleri-6-1536x960.jpg 1536w, https:\/\/www.dasaudi.com\/wp-content\/uploads\/2025\/03\/akustik-tavan-panelleri-6-640x400.jpg 640w, https:\/\/www.dasaudi.com\/wp-content\/uploads\/2025\/03\/akustik-tavan-panelleri-6.jpg 1600w\" sizes=\"auto, (max-width: 1024px) 100vw, 1024px\" \/><\/figure>\n\n\n\n<h3 class=\"wp-block-heading\">6. <strong>\u0130leri D\u00fczey Teknolojiler<\/strong><\/h3>\n\n\n\n<ul class=\"wp-block-list\">\n<li><strong>Yapay Zeka ve Oda Tasar\u0131m Uygulamalar\u0131:<\/strong> Akustik m\u00fchendisleri, yapay zeka destekli oda tasar\u0131m yaz\u0131l\u0131mlar\u0131 kullanarak odan\u0131n en verimli akustik \u00f6zelliklere sahip olmas\u0131n\u0131 sa\u011flar. Bu yaz\u0131l\u0131mlar, odadaki ses dalgalar\u0131n\u0131n nas\u0131l etkile\u015fime girece\u011fini sim\u00fcle edebilir.<\/li>\n\n\n\n<li><strong>Ses \u0130zolasyonu i\u00e7in Akustik Yaz\u0131l\u0131mlar:<\/strong> Bir\u00e7ok ses m\u00fchendisli\u011fi uygulamas\u0131, ses odalar\u0131n\u0131n daha verimli bir \u015fekilde tasarlanmas\u0131n\u0131 sa\u011flayacak akustik parametreleri sim\u00fcle edebilir.<\/li>\n<\/ul>\n\n\n\n<figure class=\"wp-block-image size-large\"><img loading=\"lazy\" decoding=\"async\" width=\"1024\" height=\"768\" src=\"http:\/\/www.dasaudi.com\/wp-content\/uploads\/2025\/03\/1f72ec_81b427d062b447b18a7e0fb0252b75d7mv2-1024x768.jpg\" alt=\"\" class=\"wp-image-187\" srcset=\"https:\/\/www.dasaudi.com\/wp-content\/uploads\/2025\/03\/1f72ec_81b427d062b447b18a7e0fb0252b75d7mv2-1024x768.jpg 1024w, https:\/\/www.dasaudi.com\/wp-content\/uploads\/2025\/03\/1f72ec_81b427d062b447b18a7e0fb0252b75d7mv2-300x225.jpg 300w, https:\/\/www.dasaudi.com\/wp-content\/uploads\/2025\/03\/1f72ec_81b427d062b447b18a7e0fb0252b75d7mv2-768x576.jpg 768w, https:\/\/www.dasaudi.com\/wp-content\/uploads\/2025\/03\/1f72ec_81b427d062b447b18a7e0fb0252b75d7mv2-1536x1152.jpg 1536w, https:\/\/www.dasaudi.com\/wp-content\/uploads\/2025\/03\/1f72ec_81b427d062b447b18a7e0fb0252b75d7mv2-533x400.jpg 533w, https:\/\/www.dasaudi.com\/wp-content\/uploads\/2025\/03\/1f72ec_81b427d062b447b18a7e0fb0252b75d7mv2.jpg 1773w\" sizes=\"auto, (max-width: 1024px) 100vw, 1024px\" \/><\/figure>\n\n\n\n<h3 class=\"wp-block-heading\"><strong>Seslendirme kayd\u0131 yapmak i\u00e7in uygun bir oda tasar\u0131m\u0131, yaln\u0131zca do\u011fru akustik d\u00fczenlemeler ve ses yal\u0131t\u0131m\u0131ndan ibaret de\u011fildir. Odan\u0131n i\u00e7 yap\u0131s\u0131, kullan\u0131lan ekipman yerle\u015fimi, \u0131\u015f\u0131kland\u0131rma, kablolama ve hatta g\u00f6rsel estetik gibi unsurlar da kayd\u0131n kalitesini etkileyen \u00f6nemli fakt\u00f6rlerdir. \u0130yi tasarlanm\u0131\u015f bir seslendirme odas\u0131, sadece teknik verimlilik sa\u011flamakla kalmaz, ayn\u0131 zamanda sanat\u00e7\u0131lar ve m\u00fchendisler i\u00e7in yarat\u0131c\u0131 ve rahat bir ortam sunar.<\/strong><\/h3>\n\n\n\n<p><\/p>\n","protected":false},"excerpt":{"rendered":"<p>&#8220;Y\u00fcksek Kaliteli Kay\u0131t \u0130\u00e7in \u0130deal Oda Olu\u015fumu&#8221; Seslendirme Yapmak \u0130\u00e7in Uygun Kay\u0131t Odas\u0131 Olu\u015fumu i\u00e7in Teknik Bilgiler ve Mimari Yakla\u015f\u0131mlar ile nas\u0131l uygun ortam\u0131 olu\u015fturabiliriz? Seslendirme st\u00fcdyosu, ses kayd\u0131 yap\u0131lan alanlar\u0131n en \u00f6nemli par\u00e7alar\u0131ndan biridir. Y\u00fcksek kaliteli sesler elde edebilmek i\u00e7in, sadece do\u011fru ekipman de\u011fil, ayn\u0131 zamanda sesin do\u011fru \u015fekilde y\u00f6nlendirilip d\u00fczenlenmesi i\u00e7in odan\u0131n mimarisi [&hellip;]<\/p>\n","protected":false},"author":1,"featured_media":0,"comment_status":"closed","ping_status":"closed","sticky":false,"template":"","format":"standard","meta":{"footnotes":""},"categories":[1],"tags":[7,9,10,8,12,4,11,5,6],"class_list":["post-182","post","type-post","status-publish","format-standard","hentry","category-genel","tag-akustik","tag-akustikisiklandirma","tag-izole","tag-panel","tag-sesizole","tag-seslendirme","tag-sesyalitim","tag-studyo","tag-yalitim"],"_links":{"self":[{"href":"https:\/\/www.dasaudi.com\/index.php?rest_route=\/wp\/v2\/posts\/182","targetHints":{"allow":["GET"]}}],"collection":[{"href":"https:\/\/www.dasaudi.com\/index.php?rest_route=\/wp\/v2\/posts"}],"about":[{"href":"https:\/\/www.dasaudi.com\/index.php?rest_route=\/wp\/v2\/types\/post"}],"author":[{"embeddable":true,"href":"https:\/\/www.dasaudi.com\/index.php?rest_route=\/wp\/v2\/users\/1"}],"replies":[{"embeddable":true,"href":"https:\/\/www.dasaudi.com\/index.php?rest_route=%2Fwp%2Fv2%2Fcomments&post=182"}],"version-history":[{"count":2,"href":"https:\/\/www.dasaudi.com\/index.php?rest_route=\/wp\/v2\/posts\/182\/revisions"}],"predecessor-version":[{"id":202,"href":"https:\/\/www.dasaudi.com\/index.php?rest_route=\/wp\/v2\/posts\/182\/revisions\/202"}],"wp:attachment":[{"href":"https:\/\/www.dasaudi.com\/index.php?rest_route=%2Fwp%2Fv2%2Fmedia&parent=182"}],"wp:term":[{"taxonomy":"category","embeddable":true,"href":"https:\/\/www.dasaudi.com\/index.php?rest_route=%2Fwp%2Fv2%2Fcategories&post=182"},{"taxonomy":"post_tag","embeddable":true,"href":"https:\/\/www.dasaudi.com\/index.php?rest_route=%2Fwp%2Fv2%2Ftags&post=182"}],"curies":[{"name":"wp","href":"https:\/\/api.w.org\/{rel}","templated":true}]}}