{"id":301,"date":"2026-03-13T15:53:39","date_gmt":"2026-03-13T12:53:39","guid":{"rendered":"https:\/\/www.dasaudi.com\/?p=301"},"modified":"2026-03-13T15:54:33","modified_gmt":"2026-03-13T12:54:33","slug":"%f0%9f%8e%99%ef%b8%8f-kriz-ai-ve-hala-buradayim","status":"publish","type":"post","link":"https:\/\/www.dasaudi.com\/?p=301","title":{"rendered":"\ud83c\udf99\ufe0f Kriz &#8220;AI&#8221; \u2014 Ve H\u00e2l\u00e2 Buraday\u0131m :)"},"content":{"rendered":"\n<p>D\u0131\u015far\u0131ya bak\u0131yorum. ABD ile \u0130ran aras\u0131ndaki gerilim Ortado\u011fu&#8217;yu tutu\u015fturdu, b\u00f6lge yan\u0131yor. Ukrayna&#8217;da sava\u015f s\u00fcr\u00fcyor. Petrol f\u0131rlam\u0131\u015f, piyasalar sallant\u0131da. K\u00fcresel ekonomi \u00fcst \u00fcste darbeler yiyor \u2014 ve bu darbeler er ya da ge\u00e7 her sekt\u00f6r\u00fcn, her esnaf\u0131n kap\u0131s\u0131na dayan\u0131yor.<\/p>\n\n\n\n<p>Benim kap\u0131ma da.<\/p>\n\n\n\n<p>37 y\u0131ld\u0131r bu mesle\u011fi yap\u0131yorum. T\u00fcrkiye&#8217;nin krizlerini, deval\u00fcasyonlar\u0131, pandemileri g\u00f6rd\u00fcm. Her seferinde sahadayd\u0131m. Her seferinde bir yol bulduk.<\/p>\n\n\n\n<p>Ama bu d\u00f6nem ger\u00e7ekten farkl\u0131. \ud83e\udd14<\/p>\n\n\n\n<hr class=\"wp-block-separator has-alpha-channel-opacity\"\/>\n\n\n\n<h3 class=\"wp-block-heading\">Sava\u015f ekonomiyi eritiyor, ekonomi b\u00fct\u00e7eleri eritiyor, b\u00fct\u00e7eler yarat\u0131c\u0131lar\u0131 eritiyor<\/h3>\n\n\n\n<p>Reklam b\u00fct\u00e7eleri kesiliyor. Kurumsal projeler donduruldu. &#8220;\u015eimdilik bekleyelim&#8221; c\u00fcmlesini bu kadar \u00e7ok duymam\u0131\u015ft\u0131m.<\/p>\n\n\n\n<p>Ve art\u0131k sadece reklam de\u011fil \u2014 <strong>diziler bile erken final yap\u0131yor.<\/strong><\/p>\n\n\n\n<p>Sezon ortas\u0131nda iptal. Oyuncular\u0131n, seslendirme ekibinin, prod\u00fcksiyon ekibinin eme\u011fi havada kal\u0131yor. Aylarca \u00e7al\u0131\u015f\u0131lan bir proje, bir b\u00fct\u00e7e toplant\u0131s\u0131yla siliniyor. Bu sadece bir rakam de\u011fil \u2014 bu insanlar\u0131n ge\u00e7imi, bu insanlar\u0131n eme\u011fi. \ud83d\ude14<\/p>\n\n\n\n<p>Ve tam bu noktada sahneye giriyor AI.<\/p>\n\n\n\n<hr class=\"wp-block-separator has-alpha-channel-opacity\"\/>\n\n\n\n<h3 class=\"wp-block-heading\">\ud83e\udd16 Seslendirme sekt\u00f6r\u00fcne ne oldu?<\/h3>\n\n\n\n<p>M\u00fc\u015fteriler b\u00fct\u00e7e k\u0131sarken, ElevenLabs ve OpenAI TTS onlara &#8220;i\u015fte \u00e7\u00f6z\u00fcm&#8221; dedi.<\/p>\n\n\n\n<p>Dakikalar i\u00e7inde ses. S\u0131f\u0131r telif. Sonsuz dil. S\u0131f\u0131r maliyet.<\/p>\n\n\n\n<p>37 y\u0131ld\u0131r st\u00fcdyoda ter d\u00f6kt\u00fc\u011f\u00fcm, karakterlere can verdi\u011fim, markalara ses oldu\u011fum emek \u2014 bir prompt&#8217;a indirgendi.<\/p>\n\n\n\n<p>Buna &#8220;ilerleme&#8221; diyenler var. Ben h\u00e2l\u00e2 \u015funa inan\u0131yorum: <strong>Bir algoritma ses \u00fcretir. Bir sanat\u00e7\u0131 hikaye anlat\u0131r.<\/strong><\/p>\n\n\n\n<p>Bu fark kapanmad\u0131.<\/p>\n\n\n\n<p>Ama i\u015f d\u00fcnyas\u0131 \u015fu an o fark\u0131 g\u00f6recek sab\u0131rda de\u011fil. \u00c7\u00fcnk\u00fc kriz var, b\u00fct\u00e7e yok. \ud83d\ude14<\/p>\n\n\n\n<hr class=\"wp-block-separator has-alpha-channel-opacity\"\/>\n\n\n\n<h3 class=\"wp-block-heading\">\u00dcst \u00fcste gelen &#8220;sekt\u00f6rel darbeler&#8221;<\/h3>\n\n\n\n<p>Prod\u00fckt\u00f6rler i\u015f bulam\u0131yor. Seslendirme sanat\u00e7\u0131lar\u0131 fiyatlar\u0131n\u0131 d\u00fc\u015f\u00fcrmek zorunda kal\u0131yor. St\u00fcdyolar kapan\u0131yor. Diziler yar\u0131da bitiyor.<\/p>\n\n\n\n<p>Esnaf bak\u0131\u015fa\u00e7\u0131s\u0131yla konu\u015fuyorum: <strong>Ayakta durmak i\u00e7in hem AI&#8217;a hem ekonomiye hem de siyasi krizlerin yaratt\u0131\u011f\u0131 domino etkisine kar\u015f\u0131 ayn\u0131 anda m\u00fccadele ediyoruz.<\/strong><\/p>\n\n\n\n<hr class=\"wp-block-separator has-alpha-channel-opacity\"\/>\n\n\n\n<h3 class=\"wp-block-heading\">Peki ne yap\u0131yoruz?<\/h3>\n\n\n\n<p>A\u011flam\u0131yoruz. Ama g\u00f6rmezden de gelmiyoruz.<\/p>\n\n\n\n<p>Bu ortamda en b\u00fcy\u00fck kay\u0131p, emekle i\u015f yapan insanlar. Prod\u00fckt\u00f6rler, seslendirme sanat\u00e7\u0131lar\u0131, k\u00fc\u00e7\u00fck st\u00fcdyo sahipleri, dizi ekipleri, ba\u011f\u0131ms\u0131z i\u00e7erik \u00fcreticileri.<\/p>\n\n\n\n<p>Bunlar b\u00fcy\u00fck \u015firketler de\u011fil. Sabah erken kalk\u0131p ak\u015fam ge\u00e7 yatan, i\u015fine kalbiyle ba\u011fl\u0131 insanlar. \ud83d\udc99<\/p>\n\n\n\n<p>Ve bu insanlara destek vermek \u2014 onlarla \u00e7al\u0131\u015fmak, onlar\u0131 tercih etmek, onlara sahip \u00e7\u0131kmak \u2014 bir l\u00fcks de\u011fil, bir tercih meselesi.<\/p>\n\n\n\n<p><strong>Kolay olan\u0131 de\u011fil, do\u011fru olan\u0131 se\u00e7mek.<\/strong><\/p>\n\n\n\n<hr class=\"wp-block-separator has-alpha-channel-opacity\"\/>\n\n\n\n<h3 class=\"wp-block-heading\">Son s\u00f6z<\/h3>\n\n\n\n<p>Her kriz ge\u00e7er. Ekonomiler toparlan\u0131r.<\/p>\n\n\n\n<p>AI da bir ara\u00e7 olarak yerini bulacak. Ama emekle \u00fcretilen, insan sesiyle anlat\u0131lan, y\u00fcrekten gelen i\u00e7erik \u2014 o her zaman fark yaratacak.<\/p>\n\n\n\n<p>Senelerdir bu mikrofonun kar\u015f\u0131s\u0131nday\u0131m.<\/p>\n\n\n\n<p>B\u0131rakm\u0131yorum. \ud83c\udf99\ufe0f<\/p>\n\n\n\n<p>Ve siz de bu i\u015fe <strong><em><mark style=\"background-color:rgba(0, 0, 0, 0)\" class=\"has-inline-color has-vivid-red-color\">emek veren herkesi b\u0131rakmay\u0131n.<\/mark><\/em><\/strong><\/p>\n\n\n\n<hr class=\"wp-block-separator has-alpha-channel-opacity\"\/>\n\n\n\n<p><em>Bu yaz\u0131 size bir \u015fey hissettirdiyse \u2014 payla\u015f\u0131n. Yorumlay\u0131n. Sessiz kalmay\u0131n.<\/em><\/p>\n\n\n\n<p><em>\u00c7\u00fcnk\u00fc susanlar kaybedenler olur.<\/em><\/p>\n\n\n\n<p><strong>#seslendirme #voiceover #aiveinsan #ekonomikrizi #sessanat\u0131 #prod\u00fcksiyon #destekol <\/strong><\/p>\n","protected":false},"excerpt":{"rendered":"<p>D\u0131\u015far\u0131ya bak\u0131yorum. ABD ile \u0130ran aras\u0131ndaki gerilim Ortado\u011fu&#8217;yu tutu\u015fturdu, b\u00f6lge yan\u0131yor. Ukrayna&#8217;da sava\u015f s\u00fcr\u00fcyor. Petrol f\u0131rlam\u0131\u015f, piyasalar sallant\u0131da. K\u00fcresel ekonomi \u00fcst \u00fcste darbeler yiyor \u2014 ve bu darbeler er ya da ge\u00e7 her sekt\u00f6r\u00fcn, her esnaf\u0131n kap\u0131s\u0131na dayan\u0131yor. Benim kap\u0131ma da. 37 y\u0131ld\u0131r bu mesle\u011fi yap\u0131yorum. T\u00fcrkiye&#8217;nin krizlerini, deval\u00fcasyonlar\u0131, pandemileri g\u00f6rd\u00fcm. Her seferinde sahadayd\u0131m. Her [&hellip;]<\/p>\n","protected":false},"author":1,"featured_media":0,"comment_status":"closed","ping_status":"closed","sticky":false,"template":"","format":"standard","meta":{"footnotes":""},"categories":[1],"tags":[16,29,21,12,4,5,13],"class_list":["post-301","post","type-post","status-publish","format-standard","hentry","category-genel","tag-aivoice","tag-aiwar","tag-ses","tag-sesizole","tag-seslendirme","tag-studyo","tag-voice-over"],"_links":{"self":[{"href":"https:\/\/www.dasaudi.com\/index.php?rest_route=\/wp\/v2\/posts\/301","targetHints":{"allow":["GET"]}}],"collection":[{"href":"https:\/\/www.dasaudi.com\/index.php?rest_route=\/wp\/v2\/posts"}],"about":[{"href":"https:\/\/www.dasaudi.com\/index.php?rest_route=\/wp\/v2\/types\/post"}],"author":[{"embeddable":true,"href":"https:\/\/www.dasaudi.com\/index.php?rest_route=\/wp\/v2\/users\/1"}],"replies":[{"embeddable":true,"href":"https:\/\/www.dasaudi.com\/index.php?rest_route=%2Fwp%2Fv2%2Fcomments&post=301"}],"version-history":[{"count":1,"href":"https:\/\/www.dasaudi.com\/index.php?rest_route=\/wp\/v2\/posts\/301\/revisions"}],"predecessor-version":[{"id":302,"href":"https:\/\/www.dasaudi.com\/index.php?rest_route=\/wp\/v2\/posts\/301\/revisions\/302"}],"wp:attachment":[{"href":"https:\/\/www.dasaudi.com\/index.php?rest_route=%2Fwp%2Fv2%2Fmedia&parent=301"}],"wp:term":[{"taxonomy":"category","embeddable":true,"href":"https:\/\/www.dasaudi.com\/index.php?rest_route=%2Fwp%2Fv2%2Fcategories&post=301"},{"taxonomy":"post_tag","embeddable":true,"href":"https:\/\/www.dasaudi.com\/index.php?rest_route=%2Fwp%2Fv2%2Ftags&post=301"}],"curies":[{"name":"wp","href":"https:\/\/api.w.org\/{rel}","templated":true}]}}