{"id":305,"date":"2026-03-17T07:45:24","date_gmt":"2026-03-17T04:45:24","guid":{"rendered":"https:\/\/www.dasaudi.com\/?p=305"},"modified":"2026-03-17T07:45:24","modified_gmt":"2026-03-17T04:45:24","slug":"%f0%9f%8e%99%ef%b8%8f-bayram-oncesi-studyo-eski-telas-nerdeeee","status":"publish","type":"post","link":"https:\/\/www.dasaudi.com\/?p=305","title":{"rendered":"\ud83c\udf99\ufe0f Bayram \u00d6ncesi St\u00fcdyo \u2014 Eski Tela\u015f Nerdeeee?"},"content":{"rendered":"\n<p>Bayram haftas\u0131nday\u0131z sevgili dostlar\u0131m.<\/p>\n\n\n\n<p>Birka\u00e7 y\u0131l \u00f6nce bu g\u00fcnlerde st\u00fcdyo kap\u0131s\u0131ndan girilmezdi. Ajanslar son dakika ko\u015fturmas\u0131nda, m\u00fc\u015fteriler &#8220;acil&#8221; diye ar\u0131yor, seslendirme listesi bitmiyordu. Bayram reklamlar\u0131, kurumsal tebrik videolar\u0131, radyo spotu, e-learning mod\u00fcl\u00fc \u2014 hepsi ayn\u0131 anda, hepsi &#8220;yar\u0131na kadar.&#8221;<\/p>\n\n\n\n<p>O tela\u015f yorucuydu. Ama o tela\u015f g\u00fczeldi. \ud83d\ude0a<\/p>\n\n\n\n<p>\u015eimdi? St\u00fcdyo sakin. Ajans sakin. Herkes sakin.<\/p>\n\n\n\n<p>Ama bu huzur de\u011fil. Bu sessizlik.<\/p>\n\n\n\n<hr class=\"wp-block-separator has-alpha-channel-opacity\"\/>\n\n\n\n<h3 class=\"wp-block-heading\">3-4 Y\u0131l \u00d6nce Bayram \u00d6ncesi Ne Vard\u0131?<\/h3>\n\n\n\n<p>Ajanslar Ramazan ba\u015flar ba\u015flamaz harekete ge\u00e7erdi. Bayram kampanyalar\u0131 haftalarca \u00f6ncesinden planlan\u0131r, seslendirme seanslar\u0131 s\u0131raya girerdi. Prod\u00fcksiyon ekipleri mesai yapar, st\u00fcdyolar gece yar\u0131s\u0131na kadar a\u00e7\u0131k kal\u0131rd\u0131.<\/p>\n\n\n\n<p>Markalar o d\u00f6nem &#8220;his&#8221;e yat\u0131r\u0131m yapard\u0131. Bayram reklam\u0131 duygusal olmal\u0131yd\u0131, sesi \u00f6zel olmal\u0131yd\u0131, izleyiciyi tutmal\u0131yd\u0131. Bunun i\u00e7in b\u00fct\u00e7e vard\u0131, bunun i\u00e7in emek vard\u0131, bunun i\u00e7in zaman vard\u0131.<\/p>\n\n\n\n<p>O d\u00f6nem seslendirme sanat\u00e7\u0131s\u0131 bayram \u00f6ncesini \u00e7al\u0131\u015farak ge\u00e7irirdi. \ud83c\udf99\ufe0f<\/p>\n\n\n\n<hr class=\"wp-block-separator has-alpha-channel-opacity\"\/>\n\n\n\n<h3 class=\"wp-block-heading\">Peki \u015eimdi Ne De\u011fi\u015fti?<\/h3>\n\n\n\n<p>Ekonomik bask\u0131 artt\u0131. B\u00fct\u00e7eler darald\u0131. Ve ajanslar &#8220;h\u0131zl\u0131 \u00e7\u00f6z\u00fcm&#8221; aray\u0131\u015f\u0131na girdi.<\/p>\n\n\n\n<p>ElevenLabs&#8217;a bir metin yap\u0131\u015ft\u0131r, sesi indir, videoyu kapat. Bayram tebri\u011fi haz\u0131r. Be\u015f dakika, s\u0131f\u0131r maliyet.<\/p>\n\n\n\n<p>Anl\u0131yorum. Ger\u00e7ekten anl\u0131yorum.<\/p>\n\n\n\n<p>Zor d\u00f6nemde ajans\u0131n da, markan\u0131n da ayakta kalmas\u0131 laz\u0131m. AI bu noktada ciddi bir kolayl\u0131k sunuyor \u2014 tekrarlayan i\u00e7erikler, h\u0131zl\u0131 taslaklar, \u00e7ok dilli \u00fcretim. Bunlar\u0131 yads\u0131mak olmaz. Emek\u00e7i i\u00e7in de faydal\u0131 bir ara\u00e7 bu, do\u011fru kullan\u0131ld\u0131\u011f\u0131nda. \u2705<\/p>\n\n\n\n<p>Ama&#8230;<\/p>\n\n\n\n<p><strong>Bayram tebri\u011fini bir algoritmaya yazd\u0131ran marka, asl\u0131nda ne s\u00f6yl\u00fcyor?<\/strong><\/p>\n\n\n\n<p>&#8220;Sizin i\u00e7in \u00f6zel bir \u015fey haz\u0131rlamaya de\u011fmez&#8221; diyor. Fark\u0131nda olmadan.<\/p>\n\n\n\n<hr class=\"wp-block-separator has-alpha-channel-opacity\"\/>\n\n\n\n<h3 class=\"wp-block-heading\">Eski Bayramlar\u0131n Tad\u0131 Tuzu Kalmad\u0131<\/h3>\n\n\n\n<p>Sadece st\u00fcdyo de\u011fil. Her yer b\u00f6yle asl\u0131nda.<\/p>\n\n\n\n<p>Bayramlar h\u0131zland\u0131, dijitalle\u015fti, otomatikle\u015fti. WhatsApp mesaj\u0131, haz\u0131r GIF, toplu e-posta. Herkes herkese ula\u015f\u0131yor ama kimse kimseye dokunmuyor.<\/p>\n\n\n\n<p>Yarat\u0131c\u0131 sekt\u00f6rde de ayn\u0131 his var. Prod\u00fcksiyon ucuzlad\u0131 ama ruh azald\u0131. \u0130\u00e7erik artt\u0131 ama iz b\u0131rakan azald\u0131.<\/p>\n\n\n\n<p>Emek g\u00f6r\u00fcnmez oldu. Ve emek g\u00f6r\u00fcnmez olunca, de\u011feri de unutuluyor. \ud83d\ude14<\/p>\n\n\n\n<hr class=\"wp-block-separator has-alpha-channel-opacity\"\/>\n\n\n\n<h3 class=\"wp-block-heading\">ve Hi\u00e7 Bir Zaman B\u0131rakm\u0131yoruz!<\/h3>\n\n\n\n<p>\u00c7\u00fcnk\u00fc biliyoruz ki bu dalga ge\u00e7ici.<\/p>\n\n\n\n<p>Markalar fark edecek \u2014 AI sesi ile insan sesinin fark\u0131n\u0131. \u0130zleyici fark edecek \u2014 dokunmayan i\u00e7erik ile dokunan i\u00e7eri\u011fin fark\u0131n\u0131. Ajanslar fark edecek \u2014 h\u0131zl\u0131 \u00fcretilen ile kal\u0131c\u0131 iz b\u0131rakan\u0131n fark\u0131n\u0131.<\/p>\n\n\n\n<p>Ve o g\u00fcn st\u00fcdyo kap\u0131s\u0131 yeniden kalabal\u0131kla\u015facak. \ud83d\udc99<\/p>\n\n\n\n<hr class=\"wp-block-separator has-alpha-channel-opacity\"\/>\n\n\n\n<h3 class=\"wp-block-heading\">EVET! Bu bayram\u0131 da st\u00fcdyoda kar\u015f\u0131l\u0131yoruz. Sessiz ama kararl\u0131. Yorgun ama ayakta.<\/h3>\n\n\n\n<p>T\u00fcm mikrofon emek\u00e7ilerine, prod\u00fcksiyon ekiplerine, kreatif ajans \u00e7al\u0131\u015fanlar\u0131na \u2014 bu zorlu d\u00f6nemde sahadaki herkese selam olsun. \ud83d\ude4f<\/p>\n\n\n\n<p>Ve sizi izleyen, takip eden, eme\u011finize de\u011fer veren herkese:<\/p>\n\n\n\n<p><strong>Bayram\u0131n\u0131z kutlu, huzurlu ve umut dolu olsun.<\/strong> \ud83c\udf19\u2728<\/p>\n\n\n\n<p>\u00c7\u00fcnk\u00fc her bayram yeni bir ba\u015flang\u0131\u00e7t\u0131r. Ve biz buraday\u0131z \u2014 mikrofonla, emekle, inan\u00e7la.<\/p>\n\n\n\n<hr class=\"wp-block-separator has-alpha-channel-opacity\"\/>\n\n\n\n<p><em>Sizin i\u00e7in \u00f6zel \u00fcretilen her i\u00e7eri\u011fin arkas\u0131nda <strong><mark style=\"background-color:rgba(0, 0, 0, 0)\" class=\"has-inline-color has-vivid-red-color\">bir \u0130NSAN<\/mark><\/strong> var. <\/em><\/p>\n\n\n\n<p><em>Onu unutmay\u0131n.<\/em><\/p>\n\n\n\n<p><strong>#bayram #seslendirme #ads #voiceover #producer #iyibayramlar<\/strong><\/p>\n","protected":false},"excerpt":{"rendered":"<p>Bayram haftas\u0131nday\u0131z sevgili dostlar\u0131m. Birka\u00e7 y\u0131l \u00f6nce bu g\u00fcnlerde st\u00fcdyo kap\u0131s\u0131ndan girilmezdi. Ajanslar son dakika ko\u015fturmas\u0131nda, m\u00fc\u015fteriler &#8220;acil&#8221; diye ar\u0131yor, seslendirme listesi bitmiyordu. Bayram reklamlar\u0131, kurumsal tebrik videolar\u0131, radyo spotu, e-learning mod\u00fcl\u00fc \u2014 hepsi ayn\u0131 anda, hepsi &#8220;yar\u0131na kadar.&#8221; O tela\u015f yorucuydu. Ama o tela\u015f g\u00fczeldi. \ud83d\ude0a \u015eimdi? St\u00fcdyo sakin. Ajans sakin. Herkes sakin. Ama [&hellip;]<\/p>\n","protected":false},"author":1,"featured_media":0,"comment_status":"closed","ping_status":"closed","sticky":false,"template":"","format":"standard","meta":{"footnotes":""},"categories":[1],"tags":[16,30,4,5,13],"class_list":["post-305","post","type-post","status-publish","format-standard","hentry","category-genel","tag-aivoice","tag-bayram","tag-seslendirme","tag-studyo","tag-voice-over"],"_links":{"self":[{"href":"https:\/\/www.dasaudi.com\/index.php?rest_route=\/wp\/v2\/posts\/305","targetHints":{"allow":["GET"]}}],"collection":[{"href":"https:\/\/www.dasaudi.com\/index.php?rest_route=\/wp\/v2\/posts"}],"about":[{"href":"https:\/\/www.dasaudi.com\/index.php?rest_route=\/wp\/v2\/types\/post"}],"author":[{"embeddable":true,"href":"https:\/\/www.dasaudi.com\/index.php?rest_route=\/wp\/v2\/users\/1"}],"replies":[{"embeddable":true,"href":"https:\/\/www.dasaudi.com\/index.php?rest_route=%2Fwp%2Fv2%2Fcomments&post=305"}],"version-history":[{"count":1,"href":"https:\/\/www.dasaudi.com\/index.php?rest_route=\/wp\/v2\/posts\/305\/revisions"}],"predecessor-version":[{"id":306,"href":"https:\/\/www.dasaudi.com\/index.php?rest_route=\/wp\/v2\/posts\/305\/revisions\/306"}],"wp:attachment":[{"href":"https:\/\/www.dasaudi.com\/index.php?rest_route=%2Fwp%2Fv2%2Fmedia&parent=305"}],"wp:term":[{"taxonomy":"category","embeddable":true,"href":"https:\/\/www.dasaudi.com\/index.php?rest_route=%2Fwp%2Fv2%2Fcategories&post=305"},{"taxonomy":"post_tag","embeddable":true,"href":"https:\/\/www.dasaudi.com\/index.php?rest_route=%2Fwp%2Fv2%2Ftags&post=305"}],"curies":[{"name":"wp","href":"https:\/\/api.w.org\/{rel}","templated":true}]}}