{"id":319,"date":"2026-03-21T17:28:24","date_gmt":"2026-03-21T14:28:24","guid":{"rendered":"https:\/\/www.dasaudi.com\/?p=319"},"modified":"2026-03-21T17:28:24","modified_gmt":"2026-03-21T14:28:24","slug":"%f0%9f%8c%bf-bahar-geldi-peki-studyoya-yansidi-mi","status":"publish","type":"post","link":"https:\/\/www.dasaudi.com\/?p=319","title":{"rendered":"\ud83c\udf3f Bahar Geldi \u2014 Peki St\u00fcdyoya Yans\u0131d\u0131 m\u0131?"},"content":{"rendered":"\n<p>Nisan\u2018a \u015funun \u015furas\u0131nda ne kald\u0131. Bu arada hem g\u00fcne\u015fimiz de\u011fi\u015fti, hem de havam\u0131z de\u011fi\u015fti.<\/p>\n\n\n\n<p>Ajanslar\u0131n koridorlar\u0131nda da bir k\u0131p\u0131rdanma var. B\u00fct\u00e7e toplant\u0131lar\u0131 bitti, brief\u2019ler masaya gelmeye ba\u015flad\u0131, marka y\u00f6neticileri \u201c<strong>bu sezon ne yapaca\u011f\u0131z<\/strong>\u201d sorusunun cevab\u0131n\u0131 ar\u0131yor.<\/p>\n\n\n\n<pre class=\"wp-block-code\"><code>2.  \u00c7eyrek a\u00e7\u0131ld\u0131.<\/code><\/pre>\n\n\n\n<p>Ve mikrofon emek\u00e7isi olarak ben de bu enerjiyi yak\u0131ndan hissediyorum. Hem i\u00e7inden hem d\u0131\u015f\u0131ndan. \ud83c\udf99\ufe0f<\/p>\n\n\n\n<p>Ajanslar Uyand\u0131 \u2014 Ama Nas\u0131l?<\/p>\n\n\n\n<p>Her y\u0131l Nisan\u2019la birlikte bir ritim ba\u015flar. K\u0131\u015f aylar\u0131n\u0131n \u201cbekleyelim, g\u00f6relim\u201d havas\u0131n\u0131n yerini \u201chadi ba\u015flayal\u0131m\u201d tela\u015f\u0131 al\u0131r. Bahar kampanyalar\u0131, yaz \u00f6ncesi lansmanlar, Anneler G\u00fcn\u00fc, Babalar G\u00fcn\u00fc\u2026 Takvim dolmaya ba\u015flar.<\/p>\n\n\n\n<p>Marka y\u00f6neticileri 2. \u00c7eyrek b\u00fct\u00e7elerini bu d\u00f6nemde harekete ge\u00e7irir. Dijital, OOH, TV, radyo, sosyal medya \u2014 her kanal\u0131n ses ihtiyac\u0131 vard\u0131r. Ve o ses ihtiyac\u0131, bir noktada st\u00fcdyonun kap\u0131s\u0131na dayan\u0131r.<\/p>\n\n\n\n<p>Ya da dayan\u0131rd\u0131.<\/p>\n\n\n\n<p>\u00c7\u00fcnk\u00fc bu y\u0131l o s\u00fcre\u00e7 biraz daha karma\u015f\u0131k i\u015fliyor. \ud83e\udd14<\/p>\n\n\n\n<p>B\u00fct\u00e7e Var \u2014 Ama Nereye Gidiyor?<\/p>\n\n\n\n<pre class=\"wp-block-code\"><code><strong>2.  \u00c7eyrek b\u00fct\u00e7e hareketleri ilgin\u00e7 bir tablo ortaya koyuyor.<\/strong><\/code><\/pre>\n\n\n\n<p>Markalar harc\u0131yor. Ama harcaman\u0131n rotas\u0131 de\u011fi\u015fti.<\/p>\n\n\n\n<p>Dijital i\u00e7eri\u011fe ayr\u0131lan pay b\u00fcy\u00fcd\u00fc. K\u0131sa format patlad\u0131. Reels, YouTube Shorts, podcast reklamlar\u0131 \u2014 hepsi ses istiyor, hepsi h\u0131zl\u0131 istiyor, hepsi ucuz istiyor.<\/p>\n\n\n\n<p>Ve tam burada ajanslar bir hesap yapmaya ba\u015fl\u0131yor: \u201cBunu AI ile halleder miyiz?\u201d<\/p>\n\n\n\n<p>D\u00fcr\u00fcst olmak gerekirse \u2014 bazen evet. Tekrarlayan bilgilendirme i\u00e7erikleri, \u00e7ok dilli versiyon \u00fcretimleri, h\u0131zl\u0131 taslaklar\u2026 AI bu i\u015fleri art\u0131k yap\u0131yor. Bunu g\u00f6rmezden gelmek ger\u00e7ek\u00e7i olmaz. \u2705<\/p>\n\n\n\n<p>Ama bir de di\u011fer taraf var.<\/p>\n\n\n\n<p>Marka, Ajans, Seslendirme \u2014 Bu \u00dc\u00e7gen H\u00e2l\u00e2 Tutuyor<\/p>\n\n\n\n<p>Kampanya sezonunda ajans\u0131n i\u015fi sadece \u00fcretmek de\u011fil. Markay\u0131 anlamak, tonu bulmak, sesi do\u011fru kurgulamak.<\/p>\n\n\n\n<p>Ve burada devreye giren \u015fey teknik de\u011fil \u2014 deneyim.<\/p>\n\n\n\n<p>Seneler beri bu st\u00fcdyoday\u0131m. Bir brief okudu\u011fumda sadece metni okumuyorum. Markan\u0131n ne hissetmek istedi\u011fini, izleyicinin neye tepki verece\u011fini, sesin hangi anda nefes almas\u0131 gerekti\u011fini okuyorum.<\/p>\n\n\n\n<p>Bunu bir yaz\u0131l\u0131m hen\u00fcz yapam\u0131yor.<\/p>\n\n\n\n<p>Marka y\u00f6neticileri de asl\u0131nda bunu biliyor. Bahar sezonunda b\u00fcy\u00fck lansmanlar i\u00e7in masaya geldiklerinde, \u201cAI sesi mi kullanal\u0131m?\u201d sorusu genellikle \u015f\u00f6yle bitiyor: \u201cHay\u0131r, bu i\u015f i\u00e7in ger\u00e7ek bir ses laz\u0131m.\u201d<\/p>\n\n\n\n<p>\u0130\u015fte o an st\u00fcdyo telefonu \u00e7al\u0131yor. \ud83d\udcde<\/p>\n\n\n\n<p>Bahar Kampanya Tela\u015f\u0131 \u2014 Sahadan Notlar<\/p>\n\n\n\n<p>Bu \u00e7eyre\u011fin nabz\u0131n\u0131 tutanlar bilir: Nisan ortas\u0131ndan Haziran\u2019a kadar ajanslar en yo\u011fun d\u00f6nemlerinden birini ya\u015far.<\/p>\n\n\n\n<p><strong>Brief geliyor, revizyon geliyor, \u201cacil\u201d geliyor. \ud83d\ude04<\/strong><\/p>\n\n\n\n<p>Seslendirme sanat\u00e7\u0131s\u0131 olarak bu tela\u015f\u0131n i\u00e7inde olmak hem yorucu hem g\u00fczel. Farkl\u0131 markalar, farkl\u0131 tonlar, farkl\u0131 hikayeler \u2014 her proje ayr\u0131 bir d\u00fcnya.<\/p>\n\n\n\n<p>Ama \u015funu da g\u00f6zlemleyeyim: Bu sezon ajanslar\u0131n brief kalitesi de\u011fi\u015fti. Daha k\u0131sa, daha net, daha az \u201cne istedi\u011fimizi bilmiyoruz\u201d enerjisi var. Kriz d\u00f6nemlerinin bir kazan\u0131m\u0131 bu belki \u2014 herkes daha verimli \u00e7al\u0131\u015fmay\u0131 \u00f6\u011frendi.<\/p>\n\n\n\n<p>AI\u2019\u0131n i\u015f ak\u0131\u015f\u0131na girmesi de bir \u015feyi de\u011fi\u015ftirdi: Ajanslar art\u0131k seslendirme i\u00e7in daha bilin\u00e7li karar veriyor. \u201cBunu AI yapar\u201d ile \u201cBunu insan yapmal\u0131\u201d ayr\u0131m\u0131n\u0131 daha net g\u00f6r\u00fcyorlar.<\/p>\n\n\n\n<p>Bu ayr\u0131m\u0131n netle\u015fmesi, asl\u0131nda bizim i\u00e7in olumlu. \ud83d\udc99<\/p>\n\n\n\n<p>Olumlu mu, Olumsuz mu? \u0130kisi Birden.<\/p>\n\n\n\n<p>D\u00fcr\u00fcst bir de\u011ferlendirme yapay\u0131m:<\/p>\n\n\n\n<p>Olumlu taraf: Bahar sezonu canland\u0131. Markalar harc\u0131yor. Nitelikli ses talebi d\u00fc\u015fmedi \u2014 aksine daha se\u00e7ici hale geldi. \u201cGer\u00e7ek ses\u201d de\u011fer kazand\u0131.<\/p>\n\n\n\n<p>Olumsuz taraf: Hacim azald\u0131. Orta segmentteki i\u015fler \u2014 rutin bilgilendirmeler, i\u00e7 ileti\u015fim videolar\u0131, basit dijital i\u00e7erikler \u2014 b\u00fcy\u00fck \u00f6l\u00e7\u00fcde AI\u2019a kayd\u0131. Bu kay\u0131p ger\u00e7ek ve kal\u0131c\u0131.<\/p>\n\n\n\n<p>Ama kay\u0131plar\u0131n oldu\u011fu yerde f\u0131rsatlar da var.<\/p>\n\n\n\n<p>Art\u0131k her i\u015fi almak zorunda de\u011filiz. De\u011fer yarataca\u011f\u0131m\u0131z, fark olu\u015fturaca\u011f\u0131m\u0131z i\u015flere odaklan\u0131yoruz. Bu bir k\u0131s\u0131tlama de\u011fil \u2014 bir netle\u015fme.<\/p>\n\n\n\n<p><strong>Son S\u00f6z<\/strong><\/p>\n\n\n\n<p>Bahar her y\u0131l gelir.<\/p>\n\n\n\n<p>B\u00fct\u00e7eler a\u00e7\u0131l\u0131r, kampanyalar ba\u015flar, ajanslar ko\u015fturur. Bu ritim de\u011fi\u015fmedi.<\/p>\n\n\n\n<p>De\u011fi\u015fen sadece ara\u00e7lar. Ve ara\u00e7lar ne kadar geli\u015firse geli\u015fsin, masan\u0131n ba\u015f\u0131nda \u201cbu hikayeyi nas\u0131l anlatal\u0131m?\u201d diye d\u00fc\u015f\u00fcnen insan h\u00e2l\u00e2 orada olacak.<\/p>\n\n\n\n<p>O masada ben de var\u0131m.<\/p>\n\n\n\n<p>Mikrofonla, deneyimle, bahar enerjisiyle. \ud83c\udf3f\ud83c\udf99\ufe0f<\/p>\n\n\n\n<p>Bu yaz\u0131y\u0131 okuyup bir \u015feyler hissettiyseniz \u2014 payla\u015f\u0131n, yorum yap\u0131n. Sekt\u00f6r konu\u015fmaya devam etmeli.<\/p>\n\n\n\n<h1 class=\"wp-block-heading\">#seslendirme #voiceover #baharkampanyas\u0131 #mikrofonemek\u00e7isi #aiveinsan #kreatifajans #markay\u00f6netimi #sessanat\u0131<\/h1>\n\n\n\n<p><\/p>\n","protected":false},"excerpt":{"rendered":"<p>Nisan\u2018a \u015funun \u015furas\u0131nda ne kald\u0131. Bu arada hem g\u00fcne\u015fimiz de\u011fi\u015fti, hem de havam\u0131z de\u011fi\u015fti. Ajanslar\u0131n koridorlar\u0131nda da bir k\u0131p\u0131rdanma var. B\u00fct\u00e7e toplant\u0131lar\u0131 bitti, brief\u2019ler masaya gelmeye ba\u015flad\u0131, marka y\u00f6neticileri \u201cbu sezon ne yapaca\u011f\u0131z\u201d sorusunun cevab\u0131n\u0131 ar\u0131yor. Ve mikrofon emek\u00e7isi olarak ben de bu enerjiyi yak\u0131ndan hissediyorum. Hem i\u00e7inden hem d\u0131\u015f\u0131ndan. \ud83c\udf99\ufe0f Ajanslar Uyand\u0131 \u2014 Ama [&hellip;]<\/p>\n","protected":false},"author":1,"featured_media":0,"comment_status":"closed","ping_status":"closed","sticky":false,"template":"","format":"standard","meta":{"footnotes":""},"categories":[1],"tags":[16,21,4,5,13],"class_list":["post-319","post","type-post","status-publish","format-standard","hentry","category-genel","tag-aivoice","tag-ses","tag-seslendirme","tag-studyo","tag-voice-over"],"_links":{"self":[{"href":"https:\/\/www.dasaudi.com\/index.php?rest_route=\/wp\/v2\/posts\/319","targetHints":{"allow":["GET"]}}],"collection":[{"href":"https:\/\/www.dasaudi.com\/index.php?rest_route=\/wp\/v2\/posts"}],"about":[{"href":"https:\/\/www.dasaudi.com\/index.php?rest_route=\/wp\/v2\/types\/post"}],"author":[{"embeddable":true,"href":"https:\/\/www.dasaudi.com\/index.php?rest_route=\/wp\/v2\/users\/1"}],"replies":[{"embeddable":true,"href":"https:\/\/www.dasaudi.com\/index.php?rest_route=%2Fwp%2Fv2%2Fcomments&post=319"}],"version-history":[{"count":1,"href":"https:\/\/www.dasaudi.com\/index.php?rest_route=\/wp\/v2\/posts\/319\/revisions"}],"predecessor-version":[{"id":320,"href":"https:\/\/www.dasaudi.com\/index.php?rest_route=\/wp\/v2\/posts\/319\/revisions\/320"}],"wp:attachment":[{"href":"https:\/\/www.dasaudi.com\/index.php?rest_route=%2Fwp%2Fv2%2Fmedia&parent=319"}],"wp:term":[{"taxonomy":"category","embeddable":true,"href":"https:\/\/www.dasaudi.com\/index.php?rest_route=%2Fwp%2Fv2%2Fcategories&post=319"},{"taxonomy":"post_tag","embeddable":true,"href":"https:\/\/www.dasaudi.com\/index.php?rest_route=%2Fwp%2Fv2%2Ftags&post=319"}],"curies":[{"name":"wp","href":"https:\/\/api.w.org\/{rel}","templated":true}]}}