{"id":323,"date":"2026-03-26T09:14:28","date_gmt":"2026-03-26T06:14:28","guid":{"rendered":"https:\/\/www.dasaudi.com\/?p=323"},"modified":"2026-03-26T09:14:28","modified_gmt":"2026-03-26T06:14:28","slug":"%f0%9f%8e%99%ef%b8%8f-meslektasim-neredesin","status":"publish","type":"post","link":"https:\/\/www.dasaudi.com\/?p=323","title":{"rendered":"\ud83c\udf99\ufe0f Meslekta\u015f\u0131m, Neredesin?"},"content":{"rendered":"\n<p>\u015eunu sormak istiyorum sana, do\u011frudan:<\/p>\n\n\n\n<p>En son bir meslekta\u015f\u0131n\u0131n i\u015fini ne zaman payla\u015ft\u0131n?<\/p>\n\n\n\n<p>Bir seslendirme arkada\u015f\u0131n\u0131 ne zaman \u00f6nerdin?<\/p>\n\n\n\n<p>Bir st\u00fcdyo dostunun projesine ne zaman &#8220;harika i\u015f&#8221; dedin \u2014 ger\u00e7ekten, y\u00fcrekten?<\/p>\n\n\n\n<p>Hat\u0131rlam\u0131yorsan&#8230; bu yaz\u0131 tam sana. \ud83d\udc99<\/p>\n\n\n\n<hr class=\"wp-block-separator has-alpha-channel-opacity\"\/>\n\n\n\n<h3 class=\"wp-block-heading\">Eskiden Nas\u0131ld\u0131?<\/h3>\n\n\n\n<p>Koridorda kar\u015f\u0131la\u015f\u0131rd\u0131k. St\u00fcdyo kap\u0131s\u0131nda beklerken muhabbet ederdk. &#8220;\u015eu proje \u00e7\u0131kt\u0131, seni d\u00fc\u015f\u00fcnd\u00fcm&#8221; c\u00fcmlesi vard\u0131 hayat\u0131m\u0131zda.<\/p>\n\n\n\n<p>Ajans kap\u0131s\u0131ndan \u00e7\u0131karken &#8220;sen de u\u011fra, iyi insanlar&#8221; derdik.<\/p>\n\n\n\n<p>Bu sekt\u00f6r b\u00f6yle b\u00fcy\u00fcd\u00fc zaten. Birbirimizin s\u0131rt\u0131n\u0131 tutarak. Birbirimizi g\u00f6stererek. Birbirimize i\u015f paslarken utanmadan, \u00e7ekinmeden.<\/p>\n\n\n\n<p>O g\u00fcnler nereye gitti? \ud83e\udd14<\/p>\n\n\n\n<hr class=\"wp-block-separator has-alpha-channel-opacity\"\/>\n\n\n\n<h3 class=\"wp-block-heading\">Sosyal Medya Bizi Uzakla\u015ft\u0131rd\u0131 m\u0131, Yakla\u015ft\u0131rd\u0131 m\u0131?<\/h3>\n\n\n\n<p>Hepimiz LinkedIn&#8217;deyiz. Instagram&#8217;day\u0131z. &#8220;Profesyonel a\u011f&#8221; kurduk, &#8220;ba\u011flant\u0131&#8221; ekledik.<\/p>\n\n\n\n<p>Ama \u015funu soray\u0131m:<\/p>\n\n\n\n<p>O ba\u011flant\u0131lar\u0131n ka\u00e7\u0131na ge\u00e7en ay &#8220;nas\u0131ls\u0131n?&#8221; dedin?<\/p>\n\n\n\n<p>Ka\u00e7\u0131n\u0131n yeni projesini payla\u015ft\u0131n?<\/p>\n\n\n\n<p>Ka\u00e7\u0131na &#8220;bu i\u015f sana gidebilir&#8221; dedin?<\/p>\n\n\n\n<p>Ekran arkas\u0131ndaki meslek dostlar\u0131 ger\u00e7ek insanlar. Ve ger\u00e7ek insanlar bazen sadece k\u00fc\u00e7\u00fck bir destek bekliyor. Bir payla\u015f\u0131m. Bir yorum. Bir &#8220;seni d\u00fc\u015f\u00fcnd\u00fcm&#8221; mesaj\u0131.<\/p>\n\n\n\n<p>Bu kadar k\u00fc\u00e7\u00fck \u015feyler bazen bir i\u015fi, bir f\u0131rsat\u0131, hatta bir ay\u0131 kurtar\u0131r. \ud83d\ude0a<\/p>\n\n\n\n<hr class=\"wp-block-separator has-alpha-channel-opacity\"\/>\n\n\n\n<h3 class=\"wp-block-heading\">Rekabet mi, Dayan\u0131\u015fma m\u0131?<\/h3>\n\n\n\n<p>Anl\u0131yorum \u2014 sekt\u00f6r zorla\u015ft\u0131. AI bask\u0131s\u0131 var, b\u00fct\u00e7eler darald\u0131, i\u015f azald\u0131.<\/p>\n\n\n\n<p>Ve i\u015f azal\u0131nca insanlar i\u00e7e kapan\u0131yor. &#8220;Benim i\u015fim, benim m\u00fc\u015fterim, benim alan\u0131m&#8221; refleksi devreye giriyor.<\/p>\n\n\n\n<p>Ama tam tersini d\u00fc\u015f\u00fcn bir saniye:<\/p>\n\n\n\n<p>Sen bir projeye uygun de\u011filsin \u2014 ama o proje i\u00e7in akl\u0131nda birisi var. Onu s\u00f6ylesen ne kaybedersin?<\/p>\n\n\n\n<p>Hi\u00e7bir \u015fey.<\/p>\n\n\n\n<p>Peki ne kazan\u0131rs\u0131n?<\/p>\n\n\n\n<p>Bir g\u00fcven. Bir minnet. Ve eninde sonunda \u2014 geri d\u00f6nen bir iyilik. \ud83d\udc99<\/p>\n\n\n\n<p>Sekt\u00f6rde &#8220;itibar&#8221; denen \u015fey bu \u015fekilde in\u015fa edilir. Y\u0131llar i\u00e7inde, tek tek yap\u0131lan k\u00fc\u00e7\u00fck jestlerle.<\/p>\n\n\n\n<hr class=\"wp-block-separator has-alpha-channel-opacity\"\/>\n\n\n\n<h3 class=\"wp-block-heading\">Elini Ta\u015f Alt\u0131na Koy<\/h3>\n\n\n\n<p>St\u00fcdyo arkada\u015f\u0131n\u0131n yeni projesini payla\u015f.<\/p>\n\n\n\n<p>Ses akt\u00f6r\u00fc meslekta\u015f\u0131n\u0131n LinkedIn yaz\u0131s\u0131na yorum yap.<\/p>\n\n\n\n<p>Bir ajans y\u00f6neticisine &#8220;\u015fu ki\u015fiyle \u00e7al\u0131\u015ft\u0131n m\u0131, muhte\u015fem&#8221; de.<\/p>\n\n\n\n<p>Birinin demosunu dinle, ger\u00e7ekten dinle ve geri bildirim ver.<\/p>\n\n\n\n<p>Bunlar\u0131n hi\u00e7birini yapmak i\u00e7in para laz\u0131m de\u011fil. Zaman laz\u0131m de\u011fil. Sadece biraz dikkat, biraz niyet laz\u0131m.<\/p>\n\n\n\n<p>Ve biliyorsun \u2014 bu sekt\u00f6rde dikkat ve niyet, bazen en b\u00fcy\u00fck yat\u0131r\u0131m. \ud83c\udf99\ufe0f<\/p>\n\n\n\n<hr class=\"wp-block-separator has-alpha-channel-opacity\"\/>\n\n\n\n<h3 class=\"wp-block-heading\">Son s\u00f6z\u00fcm\u00fcze gelecek olursak;<\/h3>\n\n\n\n<p>Bu meslek yaln\u0131z y\u00fcr\u00fcnmez.<\/p>\n\n\n\n<p>Y\u0131llard\u0131r mikrofonun kar\u015f\u0131s\u0131nday\u0131m. En g\u00fczel an\u0131lar\u0131m teknik ba\u015far\u0131lardan de\u011fil, meslekta\u015flar\u0131mla omuz omuza durdu\u011fumuz anlardan geliyor.<\/p>\n\n\n\n<p>O ruh kaybolmas\u0131n.<\/p>\n\n\n\n<p>Yan\u0131ndakine bak. Elini uzat. \u0130\u015f pas la. Destek ol.<\/p>\n\n\n\n<p>\u00c7\u00fcnk\u00fc bug\u00fcn verdi\u011fin el, yar\u0131n seni ayakta tutacak olan el. \ud83e\udd1d<\/p>\n\n\n\n<hr class=\"wp-block-separator has-alpha-channel-opacity\"\/>\n\n\n\n<p><em>Bir meslekta\u015f\u0131n akl\u0131na geldi mi bu yaz\u0131y\u0131 okurken? Hemen ilet. Bu kadar basit. \ud83d\ude0a<\/em><\/p>\n\n\n\n<p><strong>#seslendirme #voice-over #meslekbirli\u011fi #studio #voiceactor #mikrofonemek\u00e7isi #birlikteg\u00fc\u00e7l\u00fcy\u00fcz #ads<\/strong> <strong>#brandradio <\/strong><\/p>\n\n\n\n<p><\/p>\n","protected":false},"excerpt":{"rendered":"<p>\u015eunu sormak istiyorum sana, do\u011frudan: En son bir meslekta\u015f\u0131n\u0131n i\u015fini ne zaman payla\u015ft\u0131n? Bir seslendirme arkada\u015f\u0131n\u0131 ne zaman \u00f6nerdin? Bir st\u00fcdyo dostunun projesine ne zaman &#8220;harika i\u015f&#8221; dedin \u2014 ger\u00e7ekten, y\u00fcrekten? Hat\u0131rlam\u0131yorsan&#8230; bu yaz\u0131 tam sana. \ud83d\udc99 Eskiden Nas\u0131ld\u0131? Koridorda kar\u015f\u0131la\u015f\u0131rd\u0131k. St\u00fcdyo kap\u0131s\u0131nda beklerken muhabbet ederdk. &#8220;\u015eu proje \u00e7\u0131kt\u0131, seni d\u00fc\u015f\u00fcnd\u00fcm&#8221; c\u00fcmlesi vard\u0131 hayat\u0131m\u0131zda. Ajans [&hellip;]<\/p>\n","protected":false},"author":1,"featured_media":0,"comment_status":"closed","ping_status":"closed","sticky":false,"template":"","format":"standard","meta":{"footnotes":""},"categories":[1],"tags":[16,31,21,4,5,13],"class_list":["post-323","post","type-post","status-publish","format-standard","hentry","category-genel","tag-aivoice","tag-meslektas","tag-ses","tag-seslendirme","tag-studyo","tag-voice-over"],"_links":{"self":[{"href":"https:\/\/www.dasaudi.com\/index.php?rest_route=\/wp\/v2\/posts\/323","targetHints":{"allow":["GET"]}}],"collection":[{"href":"https:\/\/www.dasaudi.com\/index.php?rest_route=\/wp\/v2\/posts"}],"about":[{"href":"https:\/\/www.dasaudi.com\/index.php?rest_route=\/wp\/v2\/types\/post"}],"author":[{"embeddable":true,"href":"https:\/\/www.dasaudi.com\/index.php?rest_route=\/wp\/v2\/users\/1"}],"replies":[{"embeddable":true,"href":"https:\/\/www.dasaudi.com\/index.php?rest_route=%2Fwp%2Fv2%2Fcomments&post=323"}],"version-history":[{"count":1,"href":"https:\/\/www.dasaudi.com\/index.php?rest_route=\/wp\/v2\/posts\/323\/revisions"}],"predecessor-version":[{"id":324,"href":"https:\/\/www.dasaudi.com\/index.php?rest_route=\/wp\/v2\/posts\/323\/revisions\/324"}],"wp:attachment":[{"href":"https:\/\/www.dasaudi.com\/index.php?rest_route=%2Fwp%2Fv2%2Fmedia&parent=323"}],"wp:term":[{"taxonomy":"category","embeddable":true,"href":"https:\/\/www.dasaudi.com\/index.php?rest_route=%2Fwp%2Fv2%2Fcategories&post=323"},{"taxonomy":"post_tag","embeddable":true,"href":"https:\/\/www.dasaudi.com\/index.php?rest_route=%2Fwp%2Fv2%2Ftags&post=323"}],"curies":[{"name":"wp","href":"https:\/\/api.w.org\/{rel}","templated":true}]}}