{"id":341,"date":"2026-04-04T11:17:03","date_gmt":"2026-04-04T08:17:03","guid":{"rendered":"https:\/\/www.dasaudi.com\/?p=341"},"modified":"2026-04-04T11:20:52","modified_gmt":"2026-04-04T08:20:52","slug":"%f0%9f%8e%99%ef%b8%8f-seslendirme-acil-cikis-kapisi-degildir-%e2%9d%8c","status":"publish","type":"post","link":"https:\/\/www.dasaudi.com\/?p=341","title":{"rendered":"\ud83c\udf99\ufe0f Seslendirme: Acil \u00c7\u0131k\u0131\u015f Kap\u0131s\u0131 De\u011fildir \u274c"},"content":{"rendered":"\n<figure class=\"wp-block-image size-large\"><img loading=\"lazy\" decoding=\"async\" width=\"1024\" height=\"559\" src=\"https:\/\/www.dasaudi.com\/wp-content\/uploads\/2026\/04\/MicW-1024x559.jpg\" alt=\"\" class=\"wp-image-344\" srcset=\"https:\/\/www.dasaudi.com\/wp-content\/uploads\/2026\/04\/MicW-1024x559.jpg 1024w, https:\/\/www.dasaudi.com\/wp-content\/uploads\/2026\/04\/MicW-300x164.jpg 300w, https:\/\/www.dasaudi.com\/wp-content\/uploads\/2026\/04\/MicW-768x419.jpg 768w, https:\/\/www.dasaudi.com\/wp-content\/uploads\/2026\/04\/MicW-733x400.jpg 733w, https:\/\/www.dasaudi.com\/wp-content\/uploads\/2026\/04\/MicW.jpg 1408w\" sizes=\"auto, (max-width: 1024px) 100vw, 1024px\" \/><\/figure>\n\n\n\n<p>\u015eunu duyuyorum son zamanlarda, s\u0131k s\u0131k:<\/p>\n\n\n\n<p><em>&#8220;H\u0131zl\u0131ca bir seslendirme laz\u0131m, iki saatte halledelim.&#8221;<\/em> &#8220;Hadi! gel sana ikinci i\u015f alan\u0131 yaratal\u0131m.&#8221;<em>&#8220;\u015eimdilik birini bulduk, sen i\u00e7in s\u0131radaki i\u015fe bakar\u0131z.&#8221;<\/em> <em>&#8220;Zaten basit bir i\u015f, fazla vakit almaz ki.&#8221;<\/em> &#8220;Olsun, bo\u015f vaktini de\u011ferlendirirsin.&#8221; &#8220;Amann bey. B\u0131rak yaps\u0131n, g\u00f6\u011fn\u00fc olsun \u00e7ocu\u011fun!&#8221; <\/p>\n\n\n\n<p>&#8220;Aman Allah&#8217;\u0131m. \ud83d\ude31 Durun bir dakika.<\/p>\n\n\n\n<p>Otur. \u015eimdi konu\u015faca\u011f\u0131z. \ud83d\ude0a<\/p>\n\n\n\n<p>\u00c7\u00fcnk\u00fc seslendirme, bo\u015f vakitlerinde ilgilendi\u011fin bir hobi de\u011fil. Yan gelir olarak de\u011ferlendirdi\u011fin ek bir se\u00e7enek de de\u011fil. Birilerinin g\u00fcn\u00fc kurtarmak i\u00e7in bo\u015f vaatlerle &#8220;oyalayaca\u011f\u0131, k\u0131sa zamanda \u00f6\u011frenilebilecek bir i\u015f platformu da de\u011fil. Hatta birilerinin g\u00f6nl\u00fcn\u00fc ho\u015f tutacak bir MESLEK, H\u0130\u00c7 DE\u011e\u0130L! \ud83d\ude2b <\/p>\n\n\n\n<p>Bu, tam zamanl\u0131, tam dikkat isteyen, <strong><em>TAM TESL\u0130M\u0130YETLE<\/em><\/strong> yap\u0131lan bir meslek.<\/p>\n\n\n\n<hr class=\"wp-block-separator has-alpha-channel-opacity\"\/>\n\n\n\n<h3 class=\"wp-block-heading\">Seslendirme Nedir, Ne De\u011fildir?<\/h3>\n\n\n\n<p>Seslendirme; bir metni okumak de\u011fildir. <\/p>\n\n\n\n<p>Seslendirme, ayak\u00fcst\u00fc do\u011fu\u015ftan gelen bir yarat\u0131l\u0131m elde edilecek bir meziyet de\u011fildir.<\/p>\n\n\n\n<p>Seslendirme, bir karakteri ya\u015fatmakt\u0131r. Bir markan\u0131n ruhunu ta\u015f\u0131makt\u0131r. Bir c\u00fcmlenin arkas\u0131ndaki duyguyu, tonu, n\u00fcans\u0131 \u2014 saniyeler i\u00e7inde, tek nefeste, do\u011fru kurarak vermektir.<\/p>\n\n\n\n<p>Bu yetenek hafta sonlar\u0131 geli\u015ftirilen, <strong><em>&#8220;asl\u0131nda benim de sesim g\u00fczel&#8221;<\/em><\/strong> diye ba\u015flanan bir yolculukla kazan\u0131lmaz. G\u00fcnl\u00fck hayat\u0131n\u0131n merkezine koydu\u011fun, her sabah \u00fczerine \u00e7al\u0131\u015ft\u0131\u011f\u0131n, y\u0131llarca bedel \u00f6dedi\u011fin bir uzmanl\u0131kt\u0131r.<\/p>\n\n\n\n<p><strong><em>Birincil i\u015fin<\/em><\/strong> seslendirme de\u011filse \u2014 mikrofon kar\u015f\u0131s\u0131ndaki fark hissedilir. Her zaman. \ud83c\udfad<\/p>\n\n\n\n<h3 class=\"wp-block-heading\">\ud83d\udcb0&#8221;G\u00fcn\u00fc Kurtarmak&#8221; Tuza\u011f\u0131 \ud83d\udcb0<\/h3>\n\n\n\n<p>Anl\u0131yorum \u2014 son dakika bask\u0131lar\u0131 ger\u00e7ek. M\u00fc\u015fteri bekliyor, teslim tarihi ge\u00e7iyor, proje s\u0131k\u0131\u015fm\u0131\u015f.<\/p>\n\n\n\n<p>Ve tam o anda d\u00fc\u015f\u00fcn\u00fcl\u00fcyor: <em>&#8220;Bir yerden bir ses bulal\u0131m, halledelim.&#8221;<\/em><\/p>\n\n\n\n<p>\u0130\u015fte tam burada yanl\u0131\u015f ba\u015fl\u0131yor.<\/p>\n\n\n\n<p>Seslendirmeyi <strong><em>plan B olarak<\/em><\/strong> konumland\u0131ran her proje, o hatan\u0131n bedelini sonunda \u00f6der. \u00c7\u00fcnk\u00fc &#8220;\u015fimdilik idare eder&#8221; sesi \u2014 o markan\u0131n y\u00fcz\u00fcd\u00fcr. O reklam\u0131n ruhudur. O e-learning mod\u00fcl\u00fcn\u00fcn \u00f6\u011fretenidir.<\/p>\n\n\n\n<p>As\u0131l i\u015fi ba\u015fka bir \u015fey olan, st\u00fcdyoya arada u\u011frayan biriyle kurgulanan ses \u2014 dinleyiciye hemen ula\u015f\u0131r. Ve o his g\u00fcvensizliktir, rahats\u0131zl\u0131kt\u0131r, &#8220;bir \u015feyler eksik&#8221; hissidir.<\/p>\n\n\n\n<p><strong><mark style=\"background-color:rgba(0, 0, 0, 0)\" class=\"has-inline-color has-vivid-red-color\">\u0130kinci \u00f6ncelik olarak yap\u0131lan i\u015f, ikinci s\u0131n\u0131f sonu\u00e7 verir. Her seferinde. \ud83d\ude14<\/mark><\/strong><\/p>\n\n\n\n<hr class=\"wp-block-separator has-alpha-channel-opacity\"\/>\n\n\n\n<h3 class=\"wp-block-heading\">Zanaat Dedi\u011fimizde Ne Kastediyoruz?<\/h3>\n\n\n\n<p>Marangoz d\u00fc\u015f\u00fcn. <\/p>\n\n\n\n<p>Y\u0131llarca ah\u015fab\u0131 tan\u0131m\u0131\u015f, elinin hafifli\u011fini ve a\u011f\u0131rl\u0131\u011f\u0131n\u0131 \u00f6\u011frenmi\u015f, her tahtan\u0131n sesini bilen biri.<\/p>\n\n\n\n<p>Ona &#8220;h\u0131zl\u0131 bir dolap laz\u0131m, bug\u00fcn halleder misin?&#8221; demezsin.<\/p>\n\n\n\n<p>Ya da dersin \u2014 ama kalitesinin bedelini \u00f6nceden kabul edersin.<\/p>\n\n\n\n<p>Seslendirme de b\u00f6yle bir zanaat. <\/p>\n\n\n\n<p>Fakat \u015fu farkla: Marangozun \u00fcr\u00fcn\u00fcn\u00fc g\u00f6r\u00fcrs\u00fcn, tutars\u0131n, dokunursun. Sesin etkisi \u00e7ok daha derinden \u00e7al\u0131\u015f\u0131r \u2014 bilin\u00e7alt\u0131na i\u015fler, g\u00fcven in\u015fa eder, marka kimli\u011fi olu\u015fturur.<\/p>\n\n\n\n<p>Ve bu etki, &#8220;asl\u0131nda seslendirme yapar\u0131m&#8221; diyen biriyle de\u011fil \u2014 hayat\u0131n\u0131 bu i\u015fe adam\u0131\u015f biriyle kurulur.<\/p>\n\n\n\n<p>Seslendirme ikinci i\u015fin oldu\u011funda, dinleyici i\u00e7in de ikinci plan olursun. \ud83c\udf99\ufe0f<\/p>\n\n\n\n<hr class=\"wp-block-separator has-alpha-channel-opacity\"\/>\n\n\n\n<h3 class=\"wp-block-heading\">De\u011fer Vermek Nas\u0131l G\u00f6r\u00fcn\u00fcr?<\/h3>\n\n\n\n<p>Beklenti de\u011fil, istek olarak s\u00f6yl\u00fcyorum:<\/p>\n\n\n\n<p>Bir projeye ses akt\u00f6r\u00fc dahil edeceksen \u2014 onu s\u00fcrecin ba\u015f\u0131nda dahil et. Brief ver. Zaman ver. Revizyon hakk\u0131 ver. Geri bildirim ver.<\/p>\n\n\n\n<p>&#8220;Zaten bir ka\u00e7 c\u00fcmle&#8221; deme. Her c\u00fcmle o markan\u0131n sesidir.<\/p>\n\n\n\n<p>Ve o c\u00fcmleleri kuracak insan; seslendirmeyi yan u\u011fra\u015f olarak de\u011fil, varolu\u015funun merkezine koymu\u015f biri olsun. Sabah uyand\u0131\u011f\u0131nda mikrofonu d\u00fc\u015f\u00fcnen, ak\u015fam yatarken bir c\u00fcmlenin tonunu kafas\u0131nda \u00e7eviren, tatilde bile kula\u011f\u0131n\u0131 e\u011fiten biri.<\/p>\n\n\n\n<p>Fark\u0131 i\u015fte o zaman hissedersin. \ud83d\udc99<\/p>\n\n\n\n<hr class=\"wp-block-separator has-alpha-channel-opacity\"\/>\n\n\n\n<h3 class=\"wp-block-heading\">Meslekta\u015flar\u0131ma<\/h3>\n\n\n\n<p>Bu yaz\u0131y\u0131 okuyan mikrofon emek\u00e7ilerine de bir \u015fey s\u00f6ylemek istiyorum:<\/p>\n\n\n\n<p>Seslendirmeyi <strong><em>&#8220;ek i\u015f&#8221; gibi g\u00f6ren birine kendinizi<\/em><\/strong> &#8220;as\u0131l i\u015f&#8221; gibi sunmak zorunda de\u011filsiniz.<\/p>\n\n\n\n<p>&#8220;\u0130dare eder&#8221; diyene &#8220;etmez&#8221; diyebilirsin. <\/p>\n\n\n\n<p>&#8220;H\u0131zl\u0131 halledelim&#8221; diyene &#8220;do\u011fru halledelim&#8221; diyebilirsin. <\/p>\n\n\n\n<p>Seslendirmeyi yedek se\u00e7enek olarak konumland\u0131rana \u2014 nazik\u00e7e ama net olarak &#8220;bu i\u015f benim birinci i\u015fim, ve birinci i\u015fim gibi muamele g\u00f6rmeyi hak ediyor&#8221; diyebilirsin.<\/p>\n\n\n\n<p>\u00c7\u00fcnk\u00fc bu meslek senin i\u00e7in hobi de\u011fil. Ek gelir de\u011fil. Bo\u015f vakti dolduran bir u\u011fra\u015f hi\u00e7 de\u011fil.<\/p>\n\n\n\n<p>\ud83d\udc8e Bu senin kimli\u011fin. \ud83c\udf38<\/p>\n\n\n\n<hr class=\"wp-block-separator has-alpha-channel-opacity\"\/>\n\n\n\n<h3 class=\"wp-block-heading\">Son S\u00f6z<\/h3>\n\n\n\n<p>Seslendirme acil \u00e7\u0131k\u0131\u015f kap\u0131s\u0131 de\u011fildir. Yedek plan de\u011fildir. G\u00fcn\u00fc kurtarma butonu hi\u00e7 de\u011fildir. Ve <strong><em>asla ikinci i\u015fin olacak bir meslek de de\u011fildir.<\/em><\/strong><\/p>\n\n\n\n<p>O mikrofon kar\u015f\u0131s\u0131na ge\u00e7en insan \u2014 bir zanaatkard\u0131r. Hayat\u0131n\u0131 bu i\u015fe adam\u0131\u015f, her sabah bu i\u015fle uyanan, her projeye <strong><em>birinci<\/em><\/strong> \u00f6nceli\u011fiyle dahil olan bir profesyoneldir.<\/p>\n\n\n\n<p>Bunu bilen markalarla, ajanslarla ve insanlarla \u00e7al\u0131\u015fmak \u2014 i\u015fte en g\u00fczel i\u015f bu.<\/p>\n\n\n\n<p>Gerisi zaten kendili\u011finden gelir. \ud83c\udf99\ufe0f\u2728<\/p>\n\n\n\n<p><em>Bu yaz\u0131 sende bir \u015fey uyand\u0131rd\u0131ysa \u2014 payla\u015f. Belki tam bu an birisinin buna ihtiyac\u0131 vard\u0131r.<\/em><\/p>\n\n\n\n<p>#aslolan #seslendirme #voiceover #voiceactor #mikrofonemek\u00e7isi #meslekionur #zanaat #mesle\u011finikoru #i\u00e7erik\u00fcretimi #adsvoice <\/p>\n","protected":false},"excerpt":{"rendered":"<p>\u015eunu duyuyorum son zamanlarda, s\u0131k s\u0131k: &#8220;H\u0131zl\u0131ca bir seslendirme laz\u0131m, iki saatte halledelim.&#8221; &#8220;Hadi! gel sana ikinci i\u015f alan\u0131 yaratal\u0131m.&#8221;&#8220;\u015eimdilik birini bulduk, sen i\u00e7in s\u0131radaki i\u015fe bakar\u0131z.&#8221; &#8220;Zaten basit bir i\u015f, fazla vakit almaz ki.&#8221; &#8220;Olsun, bo\u015f vaktini de\u011ferlendirirsin.&#8221; &#8220;Amann bey. B\u0131rak yaps\u0131n, g\u00f6\u011fn\u00fc olsun \u00e7ocu\u011fun!&#8221; &#8220;Aman Allah&#8217;\u0131m. \ud83d\ude31 Durun bir dakika. Otur. \u015eimdi konu\u015faca\u011f\u0131z. [&hellip;]<\/p>\n","protected":false},"author":1,"featured_media":0,"comment_status":"closed","ping_status":"closed","sticky":false,"template":"","format":"standard","meta":{"footnotes":""},"categories":[1],"tags":[29,22,4,13],"class_list":["post-341","post","type-post","status-publish","format-standard","hentry","category-genel","tag-aiwar","tag-muhendislik","tag-seslendirme","tag-voice-over"],"_links":{"self":[{"href":"https:\/\/www.dasaudi.com\/index.php?rest_route=\/wp\/v2\/posts\/341","targetHints":{"allow":["GET"]}}],"collection":[{"href":"https:\/\/www.dasaudi.com\/index.php?rest_route=\/wp\/v2\/posts"}],"about":[{"href":"https:\/\/www.dasaudi.com\/index.php?rest_route=\/wp\/v2\/types\/post"}],"author":[{"embeddable":true,"href":"https:\/\/www.dasaudi.com\/index.php?rest_route=\/wp\/v2\/users\/1"}],"replies":[{"embeddable":true,"href":"https:\/\/www.dasaudi.com\/index.php?rest_route=%2Fwp%2Fv2%2Fcomments&post=341"}],"version-history":[{"count":3,"href":"https:\/\/www.dasaudi.com\/index.php?rest_route=\/wp\/v2\/posts\/341\/revisions"}],"predecessor-version":[{"id":345,"href":"https:\/\/www.dasaudi.com\/index.php?rest_route=\/wp\/v2\/posts\/341\/revisions\/345"}],"wp:attachment":[{"href":"https:\/\/www.dasaudi.com\/index.php?rest_route=%2Fwp%2Fv2%2Fmedia&parent=341"}],"wp:term":[{"taxonomy":"category","embeddable":true,"href":"https:\/\/www.dasaudi.com\/index.php?rest_route=%2Fwp%2Fv2%2Fcategories&post=341"},{"taxonomy":"post_tag","embeddable":true,"href":"https:\/\/www.dasaudi.com\/index.php?rest_route=%2Fwp%2Fv2%2Ftags&post=341"}],"curies":[{"name":"wp","href":"https:\/\/api.w.org\/{rel}","templated":true}]}}