{"id":346,"date":"2026-04-09T09:41:51","date_gmt":"2026-04-09T06:41:51","guid":{"rendered":"https:\/\/www.dasaudi.com\/?p=346"},"modified":"2026-04-09T09:41:51","modified_gmt":"2026-04-09T06:41:51","slug":"%e2%9a%a1-en-hizli-ben-teslim-ederim-%f0%9f%8e%a4","status":"publish","type":"post","link":"https:\/\/www.dasaudi.com\/?p=346","title":{"rendered":"\u26a1 En H\u0131zl\u0131 Ben Teslim Ederim \ud83c\udfa4"},"content":{"rendered":"\n<h2 class=\"wp-block-heading\">\ud83d\ude31 Ve \u0130\u015fte O Y\u00fczden Kaybedersin!<\/h2>\n\n\n\n<h2 class=\"wp-block-heading\">Bir sahne hayal et.<\/h2>\n\n\n\n<p>Gen\u00e7, hevesli, enerjik. Elinde mikrofon, g\u00f6z\u00fcnde \u0131\u015f\u0131k.<\/p>\n\n\n\n<p>Brief geliyor. Okuyorsun \u2014 h\u0131zl\u0131ca. <em>&#8220;Anlad\u0131m, hallederim.&#8221;<\/em> Kay\u0131t a\u00e7\u0131l\u0131yor. Bir nefes, iki nefes&#8230; Bitti. Teslim.<\/p>\n\n\n\n<p><em>&#8220;Rekor s\u00fcrede g\u00f6nderdim!&#8221;<\/em><\/p>\n\n\n\n<p>Ve bekliyorsun.<\/p>\n\n\n\n<p>Geri bildirim geliyor:<\/p>\n\n\n\n<p><em>&#8220;Hm. Bir \u015feyler eksik gibiydi.&#8221;<\/em> \ud83e\udd14<\/p>\n\n\n\n<hr class=\"wp-block-separator has-alpha-channel-opacity\"\/>\n\n\n\n<p>O &#8220;bir \u015feyler&#8221; ne?<\/p>\n\n\n\n<p>\u0130\u015fte bug\u00fcn tam olarak bunu konu\u015faca\u011f\u0131z.<\/p>\n\n\n\n<hr class=\"wp-block-separator has-alpha-channel-opacity\"\/>\n\n\n\n<h3 class=\"wp-block-heading\">H\u0131z, Bir Erdem Gibi G\u00f6r\u00fcn\u00fcr \u2014 <strong><em>Ama De\u011fildir<\/em><\/strong><\/h3>\n\n\n\n<p>Yeni ba\u015flayan her ses akt\u00f6r\u00fcn\u00fcn bir d\u00f6nem d\u00fc\u015ft\u00fc\u011f\u00fc tuzak var:<\/p>\n\n\n\n<p><strong>H\u0131z ile yetenek aras\u0131ndaki fark\u0131 g\u00f6rememek.<\/strong><\/p>\n\n\n\n<p><em>&#8220;En h\u0131zl\u0131 ben teslim ederim&#8221;<\/em> c\u00fcmlesi kula\u011fa \u00e7ok \u00e7ekici gelir. M\u00fc\u015fteri memnun olur, ajans sever, i\u015f tekrar gelir \u2014 diye d\u00fc\u015f\u00fcn\u00fcl\u00fcr.<\/p>\n\n\n\n<p>Ama \u015fu ger\u00e7ek var:<\/p>\n\n\n\n<p>Hi\u00e7bir m\u00fc\u015fteri sadece h\u0131z sat\u0131n alm\u0131yor.<\/p>\n\n\n\n<p>M\u00fc\u015fteri g\u00fcven sat\u0131n al\u0131yor. Kalite sat\u0131n al\u0131yor. Markan\u0131n sesini do\u011fru ta\u015f\u0131yacak bir profesyonel sat\u0131n al\u0131yor.<\/p>\n\n\n\n<p>H\u0131z bunlar\u0131n yan\u0131nda gelir \u2014 \u00f6n\u00fcnde de\u011fil. \ud83c\udf99\ufe0f<\/p>\n\n\n\n<hr class=\"wp-block-separator has-alpha-channel-opacity\"\/>\n\n\n\n<h3 class=\"wp-block-heading\">Bir \u00dcr\u00fcne Ses Vermek Ne Demektir?<\/h3>\n\n\n\n<p>Dur. Ger\u00e7ekten d\u00fc\u015f\u00fcn bu soruyu. Bir \u00fcr\u00fcne ses vermek; o \u00fcr\u00fcn\u00fcn d\u00fcnyaya ilk a\u00e7\u0131ld\u0131\u011f\u0131 kap\u0131d\u0131r.<\/p>\n\n\n\n<p>\u0130zleyici o \u00fcr\u00fcn\u00fc belki hi\u00e7 g\u00f6rmemi\u015ftir. Belki ilk izlenimini tamamen o 30 saniyelik sesten alacakt\u0131r. O ses g\u00fcven verirse \u00fcr\u00fcn g\u00fcvenilir g\u00f6r\u00fcn\u00fcr. O ses aceleyle, dikkat da\u011f\u0131n\u0131kl\u0131\u011f\u0131yla, <em>&#8220;tamam hallettim&#8221;<\/em> ruhuyla kaydedilmi\u015fse \u2014<\/p>\n\n\n\n<p>\u00dcr\u00fcn de \u00f6yle g\u00f6r\u00fcn\u00fcr.<\/p>\n\n\n\n<p>Bir ses akt\u00f6r\u00fcn\u00fcn st\u00fcdyoda yapt\u0131\u011f\u0131 her \u015fey \u2014 her nefes, her vurgu, her virg\u00fcl aras\u0131 \u2014 o \u00fcr\u00fcn\u00fcn kimli\u011fine i\u015flenir. Bu a\u011f\u0131rl\u0131\u011f\u0131 hissetmeden mikrofona oturmak&#8230; i\u015fte o &#8220;bir \u015feyler eksik&#8221; hissinin kayna\u011f\u0131d\u0131r. \ud83d\ude14<\/p>\n\n\n\n<hr class=\"wp-block-separator has-alpha-channel-opacity\"\/>\n\n\n\n<h3 class=\"wp-block-heading\">Tecr\u00fcbe Eksikli\u011finin Sesi Nas\u0131l \u00c7\u0131kar?<\/h3>\n\n\n\n<p>Kulak e\u011fitilmi\u015fse hemen anlar.<\/p>\n\n\n\n<p>C\u00fcmle sonu d\u00fc\u015fer \u2014 ama neden d\u00fc\u015ft\u00fc\u011f\u00fc bilinmez. Vurgu yanl\u0131\u015f yere gelir \u2014 anlam kayar. Nefes sesi kay\u0131tta kal\u0131r \u2014 kurgu bozulur. Tempo \u00e7ok h\u0131zl\u0131 akar \u2014 izleyici kaybeder. Karakter tutars\u0131zla\u015f\u0131r \u2014 g\u00fcven sars\u0131l\u0131r.<\/p>\n\n\n\n<p>Bunlar\u0131n hi\u00e7biri k\u00f6t\u00fc niyetten gelmiyor. Hepsi <strong>dikkat eksikli\u011finden<\/strong> geliyor.<\/p>\n\n\n\n<p>Ve dikkat eksikli\u011finin en b\u00fcy\u00fck tetikleyicisi?<\/p>\n\n\n\n<p>H\u0131z bask\u0131s\u0131. Kendi kendine kurulan <em>&#8220;en h\u0131zl\u0131 ben&#8221;<\/em> yar\u0131\u015f\u0131.<\/p>\n\n\n\n<p>H\u0131zlan\u0131nca kulak kapan\u0131r. Kulak kapan\u0131nca hata g\u00f6r\u00fcnmez. Hata g\u00f6r\u00fcnmeyince teslim edilir.<\/p>\n\n\n\n<p>Ve m\u00fc\u015fteri o hatay\u0131 duyar. Her zaman. \ud83c\udfad<\/p>\n\n\n\n<hr class=\"wp-block-separator has-alpha-channel-opacity\"\/>\n\n\n\n<h3 class=\"wp-block-heading\">Yol Arkada\u015flar\u0131ma \u2014 D\u00fcr\u00fcst\u00e7e<\/h3>\n\n\n\n<p>Bu yaz\u0131y\u0131 okuyorsan ve <em>&#8220;acaba ben mi?&#8221;<\/em> diye ge\u00e7tiyse i\u00e7inden \u2014 bu fark\u0131ndal\u0131k zaten b\u00fcy\u00fck bir ad\u0131m.<\/p>\n\n\n\n<p>H\u0131z iste\u011fi anla\u015f\u0131l\u0131r. Hatta de\u011ferli. Ama h\u0131z; haz\u0131rl\u0131\u011f\u0131n, dikkatin ve tekrar\u0131n \u00fczerine in\u015fa edilmeli.<\/p>\n\n\n\n<p>\u015e\u00f6yle d\u00fc\u015f\u00fcn:<\/p>\n\n\n\n<p>Y\u0131llard\u0131r bu i\u015fin i\u00e7indeyim. H\u00e2l\u00e2 bir brief&#8217;i en az iki kez okuyorum. H\u00e2l\u00e2 ilk kayd\u0131 dinleyip tekrar giriyorum. H\u00e2l\u00e2 <em>&#8220;bu c\u00fcmle tam oturdu mu?&#8221;<\/em> diye soruyorum kendime.<\/p>\n\n\n\n<p>\u00c7\u00fcnk\u00fc biliyorum: O soruyu sormay\u0131 b\u0131rakt\u0131\u011f\u0131n g\u00fcn \u2014 kalite de biter.<\/p>\n\n\n\n<p>H\u0131z zamanla gelir. \u00d6nce do\u011fruyu \u00f6\u011fren. Do\u011fruyu \u00f6\u011frenince zaten h\u0131zlan\u0131rs\u0131n \u2014 ama bu sefer sa\u011flam bir zemin \u00fczerinde. \ud83d\udc99<\/p>\n\n\n\n<hr class=\"wp-block-separator has-alpha-channel-opacity\"\/>\n\n\n\n<h3 class=\"wp-block-heading\">Peki M\u00fc\u015fteriye Ne S\u00f6ylemeli?<\/h3>\n\n\n\n<p><em>&#8220;En h\u0131zl\u0131 ben&#8221;<\/em> yerine \u015funu s\u00f6yle:<\/p>\n\n\n\n<p><strong>&#8220;En do\u011fru ben.&#8221;<\/strong><\/p>\n\n\n\n<p>Bu c\u00fcmle k\u0131sa vadede belki bir i\u015fi kaybettirir. Ama uzun vadede \u2014 seni rakiplerinden ay\u0131ran tek \u015fey olur.<\/p>\n\n\n\n<p>\u00c7\u00fcnk\u00fc markalar bir kez <em>&#8220;en do\u011fru&#8221;<\/em> sesi duyduklar\u0131nda geri d\u00f6nerler. Hep d\u00f6nerler.<\/p>\n\n\n\n<p>H\u0131zl\u0131 olan \u00e7ok. Do\u011fru olan az. Sen az olanlardan ol. \ud83c\udf1f<\/p>\n\n\n\n<hr class=\"wp-block-separator has-alpha-channel-opacity\"\/>\n\n\n\n<h3 class=\"wp-block-heading\">Son S\u00f6z<\/h3>\n\n\n\n<p>Bu meslek bir yar\u0131\u015f pisti de\u011fil. H\u0131z rekoru k\u0131rmak i\u00e7in de\u011fil \u2014 iz b\u0131rakmak i\u00e7in yap\u0131l\u0131yor. Ve iz b\u0131rakmak; aceleyle, dikkat da\u011f\u0131n\u0131kl\u0131\u011f\u0131yla, <em>&#8220;tamam hallettim&#8221;<\/em> ruhuyla olmuyor.<\/p>\n\n\n\n<p>Sab\u0131rla oluyor. Dikkatle oluyor. Her c\u00fcmleye tam anlam\u0131yla sahip \u00e7\u0131karak oluyor.<\/p>\n\n\n\n<p>Mikrofon kar\u015f\u0131s\u0131na ge\u00e7ti\u011finde d\u00fcnya durmal\u0131. Sadece o metin, sadece o karakter, sadece o an.<\/p>\n\n\n\n<p>\u0130\u015fte o zaman ses \u2014 ger\u00e7ekten ses olur. \ud83c\udf99\ufe0f\u2728<\/p>\n\n\n\n<hr class=\"wp-block-separator has-alpha-channel-opacity\"\/>\n\n\n\n<p><em>Bu yaz\u0131 sende bir \u015fey uyand\u0131rd\u0131ysa \u2014 payla\u015f. Belki tam bu an bir yol arkada\u015f\u0131n\u0131n buna ihtiyac\u0131 vard\u0131r.<\/em><\/p>\n\n\n\n<p>#seslendirme #voiceover #sesakt\u00f6rl\u00fc\u011f\u00fc #mikrofonemek\u00e7isi #zanaat #seslid\u00fcnya #voiceactor #reklamseslendirme #meslekigeli\u015fim<\/p>\n","protected":false},"excerpt":{"rendered":"<p>\ud83d\ude31 Ve \u0130\u015fte O Y\u00fczden Kaybedersin! Bir sahne hayal et. Gen\u00e7, hevesli, enerjik. Elinde mikrofon, g\u00f6z\u00fcnde \u0131\u015f\u0131k. Brief geliyor. Okuyorsun \u2014 h\u0131zl\u0131ca. &#8220;Anlad\u0131m, hallederim.&#8221; Kay\u0131t a\u00e7\u0131l\u0131yor. Bir nefes, iki nefes&#8230; Bitti. Teslim. &#8220;Rekor s\u00fcrede g\u00f6nderdim!&#8221; Ve bekliyorsun. Geri bildirim geliyor: &#8220;Hm. Bir \u015feyler eksik gibiydi.&#8221; \ud83e\udd14 O &#8220;bir \u015feyler&#8221; ne? \u0130\u015fte bug\u00fcn tam olarak bunu [&hellip;]<\/p>\n","protected":false},"author":1,"featured_media":0,"comment_status":"closed","ping_status":"closed","sticky":false,"template":"","format":"standard","meta":{"footnotes":""},"categories":[1],"tags":[33,34,25,4,5,13,35],"class_list":["post-346","post","type-post","status-publish","format-standard","hentry","category-genel","tag-acilses","tag-hizliteslim","tag-sesayari","tag-seslendirme","tag-studyo","tag-voice-over","tag-voiceactor"],"_links":{"self":[{"href":"https:\/\/www.dasaudi.com\/index.php?rest_route=\/wp\/v2\/posts\/346","targetHints":{"allow":["GET"]}}],"collection":[{"href":"https:\/\/www.dasaudi.com\/index.php?rest_route=\/wp\/v2\/posts"}],"about":[{"href":"https:\/\/www.dasaudi.com\/index.php?rest_route=\/wp\/v2\/types\/post"}],"author":[{"embeddable":true,"href":"https:\/\/www.dasaudi.com\/index.php?rest_route=\/wp\/v2\/users\/1"}],"replies":[{"embeddable":true,"href":"https:\/\/www.dasaudi.com\/index.php?rest_route=%2Fwp%2Fv2%2Fcomments&post=346"}],"version-history":[{"count":1,"href":"https:\/\/www.dasaudi.com\/index.php?rest_route=\/wp\/v2\/posts\/346\/revisions"}],"predecessor-version":[{"id":347,"href":"https:\/\/www.dasaudi.com\/index.php?rest_route=\/wp\/v2\/posts\/346\/revisions\/347"}],"wp:attachment":[{"href":"https:\/\/www.dasaudi.com\/index.php?rest_route=%2Fwp%2Fv2%2Fmedia&parent=346"}],"wp:term":[{"taxonomy":"category","embeddable":true,"href":"https:\/\/www.dasaudi.com\/index.php?rest_route=%2Fwp%2Fv2%2Fcategories&post=346"},{"taxonomy":"post_tag","embeddable":true,"href":"https:\/\/www.dasaudi.com\/index.php?rest_route=%2Fwp%2Fv2%2Ftags&post=346"}],"curies":[{"name":"wp","href":"https:\/\/api.w.org\/{rel}","templated":true}]}}