{"id":351,"date":"2026-04-19T01:00:22","date_gmt":"2026-04-18T22:00:22","guid":{"rendered":"https:\/\/www.dasaudi.com\/?p=351"},"modified":"2026-04-19T10:53:33","modified_gmt":"2026-04-19T07:53:33","slug":"%f0%9f%8e%99%ef%b8%8f-okullar-savas-alanina-dondu-ve-hala-susuyoruz","status":"publish","type":"post","link":"https:\/\/www.dasaudi.com\/?p=351","title":{"rendered":"\ud83c\udf99\ufe0f Okullar S\ud83d\udca5va\u015f Alan\u0131na D\u00f6nd\u00fc \u2014 Ve H\u00e2l\u00e2 Susuyoruz"},"content":{"rendered":"\n<figure class=\"wp-block-image size-large\"><img loading=\"lazy\" decoding=\"async\" width=\"1024\" height=\"559\" src=\"https:\/\/www.dasaudi.com\/wp-content\/uploads\/2026\/04\/Gemini_Generated_Image_ewld02ewld02ewld-1024x559.png\" alt=\"\" class=\"wp-image-352\" srcset=\"https:\/\/www.dasaudi.com\/wp-content\/uploads\/2026\/04\/Gemini_Generated_Image_ewld02ewld02ewld-1024x559.png 1024w, https:\/\/www.dasaudi.com\/wp-content\/uploads\/2026\/04\/Gemini_Generated_Image_ewld02ewld02ewld-300x164.png 300w, https:\/\/www.dasaudi.com\/wp-content\/uploads\/2026\/04\/Gemini_Generated_Image_ewld02ewld02ewld-768x419.png 768w, https:\/\/www.dasaudi.com\/wp-content\/uploads\/2026\/04\/Gemini_Generated_Image_ewld02ewld02ewld-733x400.png 733w, https:\/\/www.dasaudi.com\/wp-content\/uploads\/2026\/04\/Gemini_Generated_Image_ewld02ewld02ewld.png 1408w\" sizes=\"auto, (max-width: 1024px) 100vw, 1024px\" \/><\/figure>\n\n\n\n<p>Bu hafta T\u00fcrkiye&#8217;de iki \u015fey oldu.<\/p>\n\n\n\n<p>14 Nisan&#8217;da \u015eanl\u0131urfa Siverek&#8217;te bir meslek lisesinde 16 \u00f6\u011frenci yaraland\u0131.<\/p>\n\n\n\n<p>15 Nisan&#8217;da Kahramanmara\u015f&#8217;ta bir ortaokulda 10 ki\u015fi hayat\u0131n\u0131 kaybetti ve bir \u00e7ok \u00f6\u011frencimiz hala yaral\u0131 ve tedavileri devam etmekte ve bu olay\u0131n arkas\u0131nda gencecik bir \u00e7ocuk. <\/p>\n\n\n\n<p>Fail 14 ya\u015f\u0131ndayd\u0131.<\/p>\n\n\n\n<p>Dur.<\/p>\n\n\n\n<p>Tekrar oku.<\/p>\n\n\n\n<p><strong><em>On d\u00f6rt ya\u015f\u0131nda. \/ 14 YA\u015eINDA!<\/em><\/strong><\/p>\n\n\n\n<hr class=\"wp-block-separator has-alpha-channel-opacity\"\/>\n\n\n\n<p>Mikrofon kar\u015f\u0131s\u0131na oturdu\u011fumda bu haberleri d\u00fc\u015f\u00fcnd\u00fcm. Kayd\u0131 ba\u015flatamad\u0131m. Elim gitmedi.<\/p>\n\n\n\n<p>\u00c7\u00fcnk\u00fc y\u0131llard\u0131r \u00e7ocuklara seslendirdi\u011fim masallarda, e\u011fitim i\u00e7eriklerinde, \u00e7izgi filmlerde hep ayn\u0131 \u015feyi anlatt\u0131m:<\/p>\n\n\n\n<p><em>\u0130yi olacak. G\u00fczel olacak. Sevgi kazanacak.<\/em><\/p>\n\n\n\n<p>Ama o \u00e7ocuklara kim ne anlatt\u0131?<\/p>\n\n\n\n<p>Dijital d\u00fcnyada hangi i\u00e7erik zihinlerine i\u015flendi? Evde hangi \u00f6fkeyi soludu? Okulda hangi d\u0131\u015flanmay\u0131 ya\u015fad\u0131? \ud83d\ude14<\/p>\n\n\n\n<hr class=\"wp-block-separator has-alpha-channel-opacity\"\/>\n\n\n\n<h3 class=\"wp-block-heading\">Bu Tesad\u00fcf De\u011fil. Bu Bir Sistem Ar\u0131zas\u0131.<\/h3>\n\n\n\n<p>Siverek ve Kahramanmara\u015f sald\u0131r\u0131lar\u0131 aras\u0131ndaki benzerlikler, T\u00fcrkiye&#8217;de &#8220;kopya c\ud83d\udca5nayet&#8221; fenomeninin y\u00fckseli\u015fte oldu\u011funa i\u015faret ediyor. <a href=\"https:\/\/www.allianz-trade.com\/tr_TR\/ekonomik-arastirmalar\/ekonomik-gorunum-raporlari\/kuresel-ekonomik-gorunumu-2025-26.html\" target=\"_blank\" rel=\"noreferrer noopener\">Allianz Trade<\/a><\/p>\n\n\n\n<p>Dijital d\u00fcnyada t\u00fcketilen radikal i\u00e7erikler, failin zihninde \u015f\ud83d\udca5ddeti me\u015frula\u015ft\u0131rm\u0131\u015f ve bir &#8220;kahramanl\u0131k anlat\u0131s\u0131&#8221; kurgulamas\u0131na neden olmu\u015f. <a href=\"https:\/\/www.allianz-trade.com\/tr_TR\/ekonomik-arastirmalar\/ekonomik-gorunum-raporlari\/kuresel-ekonomik-gorunumu-2025-26.html\" target=\"_blank\" rel=\"noreferrer noopener\">Allianz Trade<\/a><\/p>\n\n\n\n<p>Bu bir \u00e7ocu\u011fun hikayesi de\u011fil.<\/p>\n\n\n\n<p>Bu bir neslin hikayesi.<\/p>\n\n\n\n<p>E\u011fitim sendikalar\u0131 okullar\u0131n &#8220;s\ud83d\udca5va\u015f alan\u0131na&#8221; d\u00f6nd\u00fc\u011f\u00fcn\u00fc ve \u00f6\u011fretmenlerin can g\u00fcvenli\u011finin kalmad\u0131\u011f\u0131n\u0131 vurguluyor. <a href=\"https:\/\/www.trtv.net\/2026\/03\/12\/ekonominin-40-yillik-sirri-cozuldu-kriz-anlarinda-para-nereye-gidiyor\/\" target=\"_blank\" rel=\"noreferrer noopener\">TR Haberleri<\/a><\/p>\n\n\n\n<p>Ve ben soruyorum:<\/p>\n\n\n\n<p><strong>Biz medya olarak, i\u00e7erik \u00fcreticileri olarak, ses verenler olarak \u2014 bu tabloda neredeyiz?<\/strong><\/p>\n\n\n\n<hr class=\"wp-block-separator has-alpha-channel-opacity\"\/>\n\n\n\n<h3 class=\"wp-block-heading\">Ekran Ne G\u00f6steriyor? Algoritma Ne Besliyor?<\/h3>\n\n\n\n<p>Soru\u015fturma, \u00e7ocuklar\u0131 baz\u0131 olumsuz eylemlere y\u00f6nlendirmeye \u00e7al\u0131\u015fan dijital platformlar\u0131 da kaps\u0131yor. <a href=\"https:\/\/www.turkiyegorus.com\/iran-savasi-kuresel-ekonomiyi-sarsiyor-hurmuz-bogazi-krizin-merkezinde-2\" target=\"_blank\" rel=\"noreferrer noopener\">Turkiyegorus<\/a><\/p>\n\n\n\n<p>Bu tesad\u00fcf de\u011fil.<\/p>\n\n\n\n<p>Algoritmalar \u00f6fkeyi seviyor. \u00c7\u00fcnk\u00fc \u00f6fke t\u0131klat\u0131yor. \u015e\ud83d\udca5ddet i\u00e7eri\u011fi izlettiril\u0131yor. \u00c7\u00fcnk\u00fc \u015f\ud83d\udca5ddet ba\u011f\u0131ml\u0131l\u0131k yap\u0131yor.<\/p>\n\n\n\n<p>Ve o ekran\u0131n kar\u015f\u0131s\u0131ndaki \u00e7ocuk \u2014 hen\u00fcz filtresi yok. Ger\u00e7ekle kurguyu ay\u0131rt edemiyor. G\u00f6rd\u00fc\u011f\u00fcn\u00fc normalle\u015ftiriyor. \u0130\u00e7selle\u015ftiriyor.<\/p>\n\n\n\n<p>Sonra okula gidiyor.<\/p>\n\n\n\n<p>Yan\u0131nda ta\u015f\u0131d\u0131klar\u0131yla birlikte. \ud83d\ude14<\/p>\n\n\n\n<hr class=\"wp-block-separator has-alpha-channel-opacity\"\/>\n\n\n\n<h3 class=\"wp-block-heading\">Medya ve \u0130\u00e7erik Sekt\u00f6r\u00fcne Sesleniyorum<\/h3>\n\n\n\n<p>Y\u0131llard\u0131r bu mikrofonun kar\u015f\u0131s\u0131nday\u0131m.<\/p>\n\n\n\n<p>Onlarca \u00e7ocuk program\u0131. Y\u00fczlerce e\u011fitim i\u00e7eri\u011fi. Binlerce c\u00fcmle.<\/p>\n\n\n\n<p>Ve \u015fimdi sormak zorunday\u0131m \u2014 hem kendime hem meslekta\u015flar\u0131ma hem ajans ve marka y\u00f6neticilerine:<\/p>\n\n\n\n<p><strong>\u00dcretti\u011fimiz i\u00e7erik \u00e7ocu\u011fa ne \u00f6\u011fretiyor?<\/strong><\/p>\n\n\n\n<p>Empati mi? \u015eiddet mi? \u00c7\u00f6z\u00fcm mi? \u00d6fke mi? Sevgi mi? D\u0131\u015flanma m\u0131?<\/p>\n\n\n\n<p>Bir karaktere ses verirken o karakterin ta\u015f\u0131d\u0131\u011f\u0131 de\u011ferleri sorguluyor muyuz?<\/p>\n\n\n\n<p>Yoksa sadece t\u0131klanma, izlenme, sat\u0131\u015f m\u0131?<\/p>\n\n\n\n<p><strong>Medya bir ayna. \u00c7ocuklar o aynaya bakarak kendini \u015fekillendiriyor. O aynaya ne koydu\u011fumuz \u2014 bizim sorumlulu\u011fumuz.<\/strong> \ud83d\udc99<\/p>\n\n\n\n<hr class=\"wp-block-separator has-alpha-channel-opacity\"\/>\n\n\n\n<h3 class=\"wp-block-heading\">Ebeveynlere, \u00d6\u011fretmenlere<\/h3>\n\n\n\n<p>\u00c7\u00f6z\u00fcm b\u00fcy\u00fck de\u011fi\u015fimlerde de\u011fil bazen.<\/p>\n\n\n\n<p>Bazen bir ak\u015fam sofras\u0131. Ekrans\u0131z. Sadece konu\u015farak.<\/p>\n\n\n\n<p>Bazen <em>&#8220;bug\u00fcn nas\u0131ld\u0131?&#8221;<\/em> sorusu \u2014 cevab\u0131 ger\u00e7ekten bekleyerek.<\/p>\n\n\n\n<p>Bazen bir \u00e7ocu\u011fun \u00f6fkesini cezaland\u0131rmak yerine <em>&#8220;bu \u00f6fke nereden geliyor?&#8221;<\/em> diye sormak.<\/p>\n\n\n\n<p>Bazen sar\u0131lmak. Sadece sar\u0131lmak.<\/p>\n\n\n\n<p><strong>Bir \u00e7ocu\u011fun duydu\u011fu ilk \u015fefkatli ses \u2014 hayat\u0131n\u0131n geri kalan\u0131n\u0131 \u015fekillendirir.<\/strong><\/p>\n\n\n\n<p>O ses evde ba\u015fl\u0131yor. Okulda devam ediyor. Medyada yank\u0131lan\u0131yor.<\/p>\n\n\n\n<p>Zincirin her halkas\u0131 \u00f6nemli. \ud83c\udf38<\/p>\n\n\n\n<hr class=\"wp-block-separator has-alpha-channel-opacity\"\/>\n\n\n\n<h3 class=\"wp-block-heading\">Son S\u00f6z<\/h3>\n\n\n\n<p>Kahramanmara\u015f&#8217;ta hayat\u0131n\u0131 kaybedenlere Allah&#8217;tan rahmet diliyorum. Ailelerine sab\u0131r diliyorum. Ayr\u0131ca da Yaral\u0131lara acil \u015fifalar ve \u00e7ok ge\u00e7mi\u015f olsun. K\u0131sa zamanda \u00fcmit ediyorum sa\u011fl\u0131klar\u0131na kavu\u015furlar.<\/p>\n\n\n\n<p>Ve \u015funu s\u00f6yl\u00fcyorum \u2014 y\u00fcksek sesle: Bu ac\u0131 tekrarlanmamal\u0131.<\/p>\n\n\n\n<p>Ama tekrarlanmamas\u0131 i\u00e7in herkesin elini ta\u015f\u0131n alt\u0131na koymas\u0131 gerekiyor. <\/p>\n\n\n\n<p>Aile olarak. Okul olarak. Medya olarak. \u0130\u00e7erik \u00fcreticisi olarak.<\/p>\n\n\n\n<p>EN \u00d6NEML\u0130S\u0130 \u0130nsan! olarak.<\/p>\n\n\n\n<p>Mikrofon sadece ses ta\u015f\u0131m\u0131yor.<\/p>\n\n\n\n<p><strong>De\u011fer ta\u015f\u0131yor. Sorumluluk ta\u015f\u0131yor. Gelecek ta\u015f\u0131yor.<\/strong><\/p>\n\n\n\n<p>Ve o gelece\u011fi korumak \u2014 hepimizin i\u015fi. \ud83c\udf99\ufe0f\u2728<\/p>\n\n\n\n<hr class=\"wp-block-separator has-alpha-channel-opacity\"\/>\n\n\n\n<p><em>Bu yaz\u0131 sende bir \u015fey uyand\u0131rd\u0131ysa \u2014 payla\u015f. Sessiz kalma. <\/em><\/p>\n\n\n\n<p><em>\u00c7\u00fcnk\u00fc susanlar da bu tablonun bir par\u00e7as\u0131d\u0131r.<\/em><\/p>\n\n\n\n<p>#\u00e7ocuklar\u0131m\u0131z #seslendirme #dijitald\u00fcnya #empati #geleceknesil #ebeveynlik #\u00f6\u011fretmen #voiceover #seslid\u00fcnya<\/p>\n","protected":false},"excerpt":{"rendered":"<p>Bu hafta T\u00fcrkiye&#8217;de iki \u015fey oldu. 14 Nisan&#8217;da \u015eanl\u0131urfa Siverek&#8217;te bir meslek lisesinde 16 \u00f6\u011frenci yaraland\u0131. 15 Nisan&#8217;da Kahramanmara\u015f&#8217;ta bir ortaokulda 10 ki\u015fi hayat\u0131n\u0131 kaybetti ve bir \u00e7ok \u00f6\u011frencimiz hala yaral\u0131 ve tedavileri devam etmekte ve bu olay\u0131n arkas\u0131nda gencecik bir \u00e7ocuk. Fail 14 ya\u015f\u0131ndayd\u0131. Dur. Tekrar oku. On d\u00f6rt ya\u015f\u0131nda. \/ 14 YA\u015eINDA! Mikrofon [&hellip;]<\/p>\n","protected":false},"author":1,"featured_media":0,"comment_status":"closed","ping_status":"closed","sticky":false,"template":"","format":"standard","meta":{"footnotes":""},"categories":[1],"tags":[],"class_list":["post-351","post","type-post","status-publish","format-standard","hentry","category-genel"],"_links":{"self":[{"href":"https:\/\/www.dasaudi.com\/index.php?rest_route=\/wp\/v2\/posts\/351","targetHints":{"allow":["GET"]}}],"collection":[{"href":"https:\/\/www.dasaudi.com\/index.php?rest_route=\/wp\/v2\/posts"}],"about":[{"href":"https:\/\/www.dasaudi.com\/index.php?rest_route=\/wp\/v2\/types\/post"}],"author":[{"embeddable":true,"href":"https:\/\/www.dasaudi.com\/index.php?rest_route=\/wp\/v2\/users\/1"}],"replies":[{"embeddable":true,"href":"https:\/\/www.dasaudi.com\/index.php?rest_route=%2Fwp%2Fv2%2Fcomments&post=351"}],"version-history":[{"count":5,"href":"https:\/\/www.dasaudi.com\/index.php?rest_route=\/wp\/v2\/posts\/351\/revisions"}],"predecessor-version":[{"id":358,"href":"https:\/\/www.dasaudi.com\/index.php?rest_route=\/wp\/v2\/posts\/351\/revisions\/358"}],"wp:attachment":[{"href":"https:\/\/www.dasaudi.com\/index.php?rest_route=%2Fwp%2Fv2%2Fmedia&parent=351"}],"wp:term":[{"taxonomy":"category","embeddable":true,"href":"https:\/\/www.dasaudi.com\/index.php?rest_route=%2Fwp%2Fv2%2Fcategories&post=351"},{"taxonomy":"post_tag","embeddable":true,"href":"https:\/\/www.dasaudi.com\/index.php?rest_route=%2Fwp%2Fv2%2Ftags&post=351"}],"curies":[{"name":"wp","href":"https:\/\/api.w.org\/{rel}","templated":true}]}}