{"id":361,"date":"2026-04-22T22:05:37","date_gmt":"2026-04-22T19:05:37","guid":{"rendered":"https:\/\/www.dasaudi.com\/?p=361"},"modified":"2026-04-22T22:05:37","modified_gmt":"2026-04-22T19:05:37","slug":"%f0%9f%8e%88-23-nisan-cocuklara-biraktigimiz-dunya-hakkinda-durust-bir-muhasebe%f0%9f%8c%b9","status":"publish","type":"post","link":"https:\/\/www.dasaudi.com\/?p=361","title":{"rendered":"\ud83c\udf88 23 Nisan \u2014 \u00c7ocuklara B\u0131rakt\u0131\u011f\u0131m\u0131z D\u00fcnya Hakk\u0131nda D\u00fcr\u00fcst Bir Muhasebe\ud83c\udf39"},"content":{"rendered":"\n<p>Bug\u00fcn 23 Nisan.<\/p>\n\n\n\n<p>T\u00fcrkiye B\u00fcy\u00fck Millet Meclisi&#8217;nin a\u00e7\u0131l\u0131\u015f\u0131n\u0131n 106. y\u0131l\u0131.<\/p>\n\n\n\n<p>Atat\u00fcrk&#8217;\u00fcn \u00e7ocuklara arma\u011fan etti\u011fi o e\u015fsiz g\u00fcn.<\/p>\n\n\n\n<p>Bayraklar as\u0131ld\u0131. \u015eiirler okundu. T\u00f6renler yap\u0131ld\u0131.<\/p>\n\n\n\n<p>Ve ben bug\u00fcn \u015funu soruyorum:<\/p>\n\n\n\n<p><strong>O \u00e7ocuklara ger\u00e7ekten ne b\u0131rakt\u0131k?<\/strong> \ud83c\udf88<\/p>\n\n\n\n<hr class=\"wp-block-separator has-alpha-channel-opacity\"\/>\n\n\n\n<h4 class=\"wp-block-heading\">Bir Vizyon Vard\u0131<\/h4>\n\n\n\n<p>Mustafa Kemal Atat\u00fcrk bir \u015fey g\u00f6rd\u00fc \u2014 \u00e7ok net, \u00e7ok kararl\u0131.<\/p>\n\n\n\n<p>Cumhuriyetin gelece\u011fi \u00e7ocuklardad\u0131r. E\u011fitimde, bilimde, ak\u0131lda, \u00f6zg\u00fcrl\u00fckte.<\/p>\n\n\n\n<p><em>&#8220;<strong>Hayatta en hakiki m\u00fcr\u015fit ilimdir<\/strong>&#8220;<\/em> dedi. <em>&#8220;Muas\u0131r medeniyetler seviyesine \u00e7\u0131kmak&#8221;<\/em> dedi. <em>&#8220;Yurtta sulh, cihanda sulh&#8221;<\/em> dedi.<\/p>\n\n\n\n<p>Bunlar sadece s\u00f6zler de\u011fildi. Bunlar bir yol haritas\u0131yd\u0131.<\/p>\n\n\n\n<p>Ak\u0131lc\u0131l\u0131k. Laiklik. E\u011fitim. Bilim. Bar\u0131\u015f.<\/p>\n\n\n\n<p>Ve bu yol haritas\u0131n\u0131n merkezine \u00e7ocuklar\u0131 koydu. \ud83c\udfad<\/p>\n\n\n\n<hr class=\"wp-block-separator has-alpha-channel-opacity\"\/>\n\n\n\n<h4 class=\"wp-block-heading\">Peki Bug\u00fcn Neredeyiz?<\/h4>\n\n\n\n<p>Dur. Ger\u00e7ekten dur ve bak.<\/p>\n\n\n\n<p>14 Nisan&#8217;da Siverek&#8217;te bir okulda 16 \u00f6\u011frenci yaraland\u0131.<\/p>\n\n\n\n<p>15 Nisan&#8217;da Kahramanmara\u015f&#8217;ta bir ortaokulda 10 ki\u015fi hayat\u0131n\u0131 kaybetti.<\/p>\n\n\n\n<p>Fail 14 ya\u015f\u0131ndayd\u0131.<\/p>\n\n\n\n<p>Atat\u00fcrk&#8217;\u00fcn \u00e7ocuklara arma\u011fan etti\u011fi \u00fclkede \u2014 \u00e7ocuklar birbirini \ud83c\udf88ld\u00fcr\u00fcyor.<\/p>\n\n\n\n<p>Bu c\u00fcmleyi yazmak \u00e7ok a\u011f\u0131r. Ama yazmak zorunday\u0131m. \u00c7\u00fcnk\u00fc g\u00f6rmezden gelmek daha a\u011f\u0131r. \ud83d\ude14<\/p>\n\n\n\n<hr class=\"wp-block-separator has-alpha-channel-opacity\"\/>\n\n\n\n<h4 class=\"wp-block-heading\">\u0130limdir Dediler \u2014 Biz Algoritmaya Teslim Ettik<\/h4>\n\n\n\n<p><em><strong>&#8220;Hayatta en hakiki m\u00fcr\u015fit ilimdir.&#8221;<\/strong><\/em><\/p>\n\n\n\n<p>Bug\u00fcn \u00e7ocuklar\u0131m\u0131z\u0131n m\u00fcr\u015fidi kim?<\/p>\n\n\n\n<p>Bilim insanlar\u0131 m\u0131? \u00d6\u011fretmenler mi?<\/p>\n\n\n\n<p>Yoksa izlenme pe\u015finde ko\u015fan i\u00e7erik \u00fcreticileri mi? \u00d6fkeyi besleyen algoritmalar m\u0131? \u015eiddeti normalle\u015ftiren oyunlar m\u0131?<\/p>\n\n\n\n<p>Dijital platformlar \u00e7ocu\u011fu yakalad\u0131 \u2014 ve kimse fark etmeden o \u00e7ocu\u011fun zihnine yerle\u015fti.<\/p>\n\n\n\n<p>Atat\u00fcrk bilimi rehber g\u00f6sterdi. Biz ekran\u0131 rehber yapt\u0131k.<\/p>\n\n\n\n<p>Ve \u015fimdi o ekran\u0131n yaratt\u0131\u011f\u0131 nesille y\u00fczle\u015fiyoruz. \ud83d\udca1<\/p>\n\n\n\n<hr class=\"wp-block-separator has-alpha-channel-opacity\"\/>\n\n\n\n<h4 class=\"wp-block-heading\">Yurtta Sulh Dediler \u2014 Biz Okullar\u0131 S\ud83c\udf88va\u015f Alan\u0131na \u00c7evirdik<\/h4>\n\n\n\n<p><em><strong>&#8220;Yurtta sulh, cihanda sulh.&#8221;<\/strong><\/em><\/p>\n\n\n\n<p>Bug\u00fcn \u00f6\u011fretmen s\u0131n\u0131fa girmekten korkuyor.<\/p>\n\n\n\n<p>Ebeveyn \u00e7ocu\u011funu okula g\u00f6nderirken endi\u015fe ta\u015f\u0131yor.<\/p>\n\n\n\n<p>\u00d6\u011frenci okul koridorunda g\u00fcvende hissetmiyor.<\/p>\n\n\n\n<p>Yurtta sulh \u2014 okulda ba\u015flar. Ailede ba\u015flar. Mahallede ba\u015flar.<\/p>\n\n\n\n<p>Ama biz o sulhu koruyamad\u0131k.<\/p>\n\n\n\n<p>\u00c7\u00fcnk\u00fc sulh sadece bayrak dikmekle, mar\u015f okumakla gelmiyor. Sulh; bir \u00e7ocu\u011fa sevgi \u00f6\u011fretmekle, empati a\u015f\u0131lamakla, \u00f6fkesini do\u011fru ta\u015f\u0131may\u0131 g\u00f6stermekle geliyor. \ud83c\udf31<\/p>\n\n\n\n<hr class=\"wp-block-separator has-alpha-channel-opacity\"\/>\n\n\n\n<h4 class=\"wp-block-heading\">Muas\u0131r Medeniyet Dediler \u2014 Biz Neyi \u0130n\u015fa Ettik?<\/h4>\n\n\n\n<p>Atat\u00fcrk <em><strong>&#8220;muas\u0131r medeniyetler seviyesine \u00e7\u0131kmak&#8221;<\/strong><\/em> istedi.<\/p>\n\n\n\n<p>Muas\u0131r medeniyet sadece teknoloji de\u011fildir. Sadece ekonomi de\u011fildir.<\/p>\n\n\n\n<p>Muas\u0131r medeniyet; sokakta g\u00fcvende y\u00fcr\u00fcyen \u00e7ocuktur. Okulda merakla \u00f6\u011frenen \u00f6\u011frencidir. Evde sevildi\u011fini bilen, de\u011fer g\u00f6rd\u00fc\u011f\u00fcn\u00fc hisseden, gelece\u011fe umutla bakan gen\u00e7tir.<\/p>\n\n\n\n<p>Biz o medeniyeti in\u015fa edebildik mi?<\/p>\n\n\n\n<p>Telefona bakal\u0131m. Sosyal medyaya bakal\u0131m. Okul koridorlar\u0131na bakal\u0131m.<\/p>\n\n\n\n<p>Cevap orada. \ud83d\ude14<\/p>\n\n\n\n<hr class=\"wp-block-separator has-alpha-channel-opacity\"\/>\n\n\n\n<h4 class=\"wp-block-heading\">\u00c7ocuklar\u0131 Kim Koruyacak?<\/h4>\n\n\n\n<p>Bu sorunun cevab\u0131 hepimizde.<\/p>\n\n\n\n<p><strong>Ebeveyn olarak:<\/strong> \u00c7ocu\u011funun ekranda ne izledi\u011fini biliyor musun? Ka\u00e7 saattir oturdu\u011funu? Hangi i\u00e7eri\u011fin zihnine i\u015flendi\u011fini?<\/p>\n\n\n\n<p><strong>\u00d6\u011fretmen olarak:<\/strong> O s\u0131n\u0131ftaki sessiz, k\u00f6\u015feye \u00e7ekilmi\u015f, g\u00f6zlerinde yaln\u0131zl\u0131k olan \u00e7ocu\u011fu g\u00f6rd\u00fcn m\u00fc bug\u00fcn?<\/p>\n\n\n\n<p><strong>\u0130\u00e7erik \u00fcreticisi olarak:<\/strong> \u00dcretti\u011fin her i\u00e7erik bir \u00e7ocu\u011fa ula\u015f\u0131yor olabilir. O i\u00e7erik ne \u00f6\u011fretiyor?<\/p>\n\n\n\n<p><strong>Medya ve seslendirme sekt\u00f6r\u00fc olarak:<\/strong> Verdi\u011fimiz sesler, canland\u0131rd\u0131\u011f\u0131m\u0131z karakterler, ta\u015f\u0131d\u0131\u011f\u0131m\u0131z de\u011ferler \u2014 bunlar bir \u00e7ocu\u011fun d\u00fcnyas\u0131n\u0131 \u015fekillendiriyor.<\/p>\n\n\n\n<p>Bu sorumluluk hafif de\u011fil. \ud83d\udc99<\/p>\n\n\n\n<hr class=\"wp-block-separator has-alpha-channel-opacity\"\/>\n\n\n\n<h4 class=\"wp-block-heading\">Atat\u00fcrk&#8217;e En \u0130yi Arma\u011fan<\/h4>\n\n\n\n<p>23 Nisan t\u00f6renlerinde \u015fiir okumak g\u00fczel.<\/p>\n\n\n\n<p>Bayrak a\u00e7mak g\u00fczel.<\/p>\n\n\n\n<p>Ama Atat\u00fcrk&#8217;e en iyi arma\u011fan \u2014 o vizyon do\u011frultusunda ger\u00e7ekten hareket etmektir.<\/p>\n\n\n\n<p>\u00c7ocu\u011funa bug\u00fcn kitap al. Okul.<\/p>\n\n\n\n<p>\u00c7ocu\u011funa bug\u00fcn sor: <em>&#8220;Ne d\u00fc\u015f\u00fcn\u00fcyorsun? Ne hissediyorsun?&#8221;<\/em><\/p>\n\n\n\n<p>\u00c7ocu\u011funa bug\u00fcn g\u00f6ster: \u015e\ud83c\udf88ddet de\u011fil diyalog. \u00d6fke de\u011fil empati. Nefret de\u011fil sevgi.<\/p>\n\n\n\n<p>\u00dcretti\u011fin i\u00e7erikte, verdi\u011fin seste, kurgulad\u0131\u011f\u0131n hikayde \u2014 o \u00e7ocu\u011fun gelece\u011fini d\u00fc\u015f\u00fcn.<\/p>\n\n\n\n<p><strong>\u00c7\u00fcnk\u00fc Atat\u00fcrk bu g\u00fcn\u00fc \u00e7ocuklara arma\u011fan etti. Biz de o \u00e7ocuklara g\u00fcvenli bir d\u00fcnya arma\u011fan etmeliyiz.<\/strong> \ud83c\udf39<\/p>\n\n\n\n<hr class=\"wp-block-separator has-alpha-channel-opacity\"\/>\n\n\n\n<h4 class=\"wp-block-heading\">Son S\u00f6z<\/h4>\n\n\n\n<p>Bug\u00fcn 23 Nisan.<\/p>\n\n\n\n<p>Bayraklar dalgalan\u0131yor. Mar\u015flar okunuyor.<\/p>\n\n\n\n<p>Ve bir k\u00f6\u015fede \u2014 Siverek&#8217;te, Kahramanmara\u015f&#8217;ta \u2014 anneler a\u011fl\u0131yor.<\/p>\n\n\n\n<p>Bu iki tablo yan yana duruyor.<\/p>\n\n\n\n<p>Ve aralar\u0131ndaki mesafeyi kapatmak \u2014 bizim elimizde.<\/p>\n\n\n\n<p>Atat\u00fcrk \u00e7ocuklara bir \u00fclke b\u0131rakt\u0131.<\/p>\n\n\n\n<p>Biz o \u00fclkeye hangi \u00e7ocuklar\u0131 b\u0131rak\u0131yoruz?<\/p>\n\n\n\n<p>Bu soruyu bug\u00fcn sor kendine. D\u00fcr\u00fcst\u00e7e.<\/p>\n\n\n\n<p><strong>Cumhuriyet \u00e7ocuklar\u0131 bunu hak ediyor.<\/strong> \ud83c\udf88\ud83c\udf39\ud83c\udf99\ufe0f<\/p>\n\n\n\n<hr class=\"wp-block-separator has-alpha-channel-opacity\"\/>\n\n\n\n<p><em>Bu yaz\u0131 sende bir \u015fey uyand\u0131rd\u0131ysa \u2014 payla\u015f. Bug\u00fcn en anlaml\u0131 payla\u015f\u0131m bu olabilir.<\/em><\/p>\n\n\n\n<p>#23nisan  #atat\u00fcrk #cumhuriyet <\/p>\n\n\n\n<p><\/p>\n","protected":false},"excerpt":{"rendered":"<p>Bug\u00fcn 23 Nisan. T\u00fcrkiye B\u00fcy\u00fck Millet Meclisi&#8217;nin a\u00e7\u0131l\u0131\u015f\u0131n\u0131n 106. y\u0131l\u0131. Atat\u00fcrk&#8217;\u00fcn \u00e7ocuklara arma\u011fan etti\u011fi o e\u015fsiz g\u00fcn. Bayraklar as\u0131ld\u0131. \u015eiirler okundu. T\u00f6renler yap\u0131ld\u0131. Ve ben bug\u00fcn \u015funu soruyorum: O \u00e7ocuklara ger\u00e7ekten ne b\u0131rakt\u0131k? \ud83c\udf88 Bir Vizyon Vard\u0131 Mustafa Kemal Atat\u00fcrk bir \u015fey g\u00f6rd\u00fc \u2014 \u00e7ok net, \u00e7ok kararl\u0131. Cumhuriyetin gelece\u011fi \u00e7ocuklardad\u0131r. E\u011fitimde, bilimde, ak\u0131lda, \u00f6zg\u00fcrl\u00fckte. [&hellip;]<\/p>\n","protected":false},"author":1,"featured_media":0,"comment_status":"closed","ping_status":"closed","sticky":false,"template":"","format":"standard","meta":{"footnotes":""},"categories":[1],"tags":[25,4,13],"class_list":["post-361","post","type-post","status-publish","format-standard","hentry","category-genel","tag-sesayari","tag-seslendirme","tag-voice-over"],"_links":{"self":[{"href":"https:\/\/www.dasaudi.com\/index.php?rest_route=\/wp\/v2\/posts\/361","targetHints":{"allow":["GET"]}}],"collection":[{"href":"https:\/\/www.dasaudi.com\/index.php?rest_route=\/wp\/v2\/posts"}],"about":[{"href":"https:\/\/www.dasaudi.com\/index.php?rest_route=\/wp\/v2\/types\/post"}],"author":[{"embeddable":true,"href":"https:\/\/www.dasaudi.com\/index.php?rest_route=\/wp\/v2\/users\/1"}],"replies":[{"embeddable":true,"href":"https:\/\/www.dasaudi.com\/index.php?rest_route=%2Fwp%2Fv2%2Fcomments&post=361"}],"version-history":[{"count":1,"href":"https:\/\/www.dasaudi.com\/index.php?rest_route=\/wp\/v2\/posts\/361\/revisions"}],"predecessor-version":[{"id":362,"href":"https:\/\/www.dasaudi.com\/index.php?rest_route=\/wp\/v2\/posts\/361\/revisions\/362"}],"wp:attachment":[{"href":"https:\/\/www.dasaudi.com\/index.php?rest_route=%2Fwp%2Fv2%2Fmedia&parent=361"}],"wp:term":[{"taxonomy":"category","embeddable":true,"href":"https:\/\/www.dasaudi.com\/index.php?rest_route=%2Fwp%2Fv2%2Fcategories&post=361"},{"taxonomy":"post_tag","embeddable":true,"href":"https:\/\/www.dasaudi.com\/index.php?rest_route=%2Fwp%2Fv2%2Ftags&post=361"}],"curies":[{"name":"wp","href":"https:\/\/api.w.org\/{rel}","templated":true}]}}